
{"id":1026,"date":"2019-12-04T10:15:38","date_gmt":"2019-12-04T10:15:38","guid":{"rendered":"https:\/\/domiko.com\/?p=1026"},"modified":"2024-04-18T10:08:08","modified_gmt":"2024-04-18T08:08:08","slug":"queso-artesano-domiko","status":"publish","type":"post","link":"https:\/\/domiko.com\/es\/queso-artesano-domiko\/","title":{"rendered":"Conoce el queso artesano de Domiko: sus propiedades y c\u00f3mo disfrutarlo"},"content":{"rendered":"[vc_row type=\u00bbin_container\u00bb full_screen_row_position=\u00bbmiddle\u00bb column_margin=\u00bbdefault\u00bb column_direction=\u00bbdefault\u00bb column_direction_tablet=\u00bbdefault\u00bb column_direction_phone=\u00bbdefault\u00bb scene_position=\u00bbcenter\u00bb text_color=\u00bbdark\u00bb text_align=\u00bbleft\u00bb row_border_radius=\u00bbnone\u00bb row_border_radius_applies=\u00bbbg\u00bb overflow=\u00bbvisible\u00bb overlay_strength=\u00bb0.3&#8243; gradient_direction=\u00bbleft_to_right\u00bb shape_divider_position=\u00bbbottom\u00bb bg_image_animation=\u00bbnone\u00bb][vc_column column_padding=\u00bbno-extra-padding\u00bb column_padding_tablet=\u00bbinherit\u00bb column_padding_phone=\u00bbinherit\u00bb column_padding_position=\u00bball\u00bb column_element_spacing=\u00bbdefault\u00bb background_color_opacity=\u00bb1&#8243; background_hover_color_opacity=\u00bb1&#8243; column_shadow=\u00bbnone\u00bb column_border_radius=\u00bbnone\u00bb column_link_target=\u00bb_self\u00bb column_position=\u00bbdefault\u00bb gradient_direction=\u00bbleft_to_right\u00bb overlay_strength=\u00bb0.3&#8243; width=\u00bb1\/1&#8243; tablet_width_inherit=\u00bbdefault\u00bb tablet_text_alignment=\u00bbdefault\u00bb phone_text_alignment=\u00bbdefault\u00bb animation_type=\u00bbdefault\u00bb bg_image_animation=\u00bbnone\u00bb border_type=\u00bbsimple\u00bb column_border_width=\u00bbnone\u00bb column_border_style=\u00bbsolid\u00bb][vc_column_text]Es un hecho; nos encanta el queso. Y hay tantas variedades entre las que escoger que en <a href=\"https:\/\/domiko.com\"><strong>Domiko<\/strong><\/a> hemos decidido mostrarte el nuestro, ese <strong>queso artesano elaborado desde 1989<\/strong> con sabor inigualable.[\/vc_column_text][vc_column_text]Por tanto, te traemos nuestro queso, marcado con la <strong>etiqueta negra <\/strong>en la que deber\u00e1s fijarte a partir de ahora. Queso sano, generado con conciencia a partir de leche de oveja cruda, cuajo natural y fermentos l\u00e1cticos, todo un para\u00edso de sabores aut\u00f3ctonos para que tu paladar no se pierda ni uno s\u00f3lo de los detalles de nuestras tradiciones gastron\u00f3micas m\u00e1s arraigadas.[\/vc_column_text][divider line_type=\u00bbNo Line\u00bb custom_height=\u00bb35&#8243;][\/vc_column][\/vc_row][vc_row type=\u00bbin_container\u00bb full_screen_row_position=\u00bbmiddle\u00bb column_margin=\u00bbdefault\u00bb column_direction=\u00bbdefault\u00bb column_direction_tablet=\u00bbdefault\u00bb column_direction_phone=\u00bbdefault\u00bb scene_position=\u00bbcenter\u00bb text_color=\u00bbdark\u00bb text_align=\u00bbleft\u00bb row_border_radius=\u00bbnone\u00bb row_border_radius_applies=\u00bbbg\u00bb overflow=\u00bbvisible\u00bb overlay_strength=\u00bb0.3&#8243; gradient_direction=\u00bbleft_to_right\u00bb shape_divider_position=\u00bbbottom\u00bb bg_image_animation=\u00bbnone\u00bb][vc_column column_padding=\u00bbno-extra-padding\u00bb column_padding_tablet=\u00bbinherit\u00bb column_padding_phone=\u00bbinherit\u00bb column_padding_position=\u00bball\u00bb column_element_spacing=\u00bbdefault\u00bb background_color_opacity=\u00bb1&#8243; background_hover_color_opacity=\u00bb1&#8243; column_shadow=\u00bbnone\u00bb column_border_radius=\u00bbnone\u00bb column_link_target=\u00bb_self\u00bb column_position=\u00bbdefault\u00bb gradient_direction=\u00bbleft_to_right\u00bb overlay_strength=\u00bb0.3&#8243; width=\u00bb1\/1&#8243; tablet_width_inherit=\u00bbdefault\u00bb tablet_text_alignment=\u00bbdefault\u00bb phone_text_alignment=\u00bbdefault\u00bb animation_type=\u00bbdefault\u00bb bg_image_animation=\u00bbnone\u00bb border_type=\u00bbsimple\u00bb column_border_width=\u00bbnone\u00bb column_border_style=\u00bbsolid\u00bb][vc_column_text]\n<h2>Queso Domiko<\/h2>\n[\/vc_column_text][vc_column_text]Encontrado en la cumbre de los quesos artesanos vascos, elaborado en todas sus vertientes con leche de <strong>oveja Latxa.<\/strong> La peculiaridad de su elaboraci\u00f3n, de hecho, es que esta <strong>leche<\/strong> ser\u00e1 siempre <strong>cruda y sin pasteurizar<\/strong>, calentada en <strong>cubas de acero<\/strong> inoxidable con una temperatura m\u00e1xima de <strong>30 grados.<\/strong>[\/vc_column_text][divider line_type=\u00bbNo Line\u00bb custom_height=\u00bb20&#8243;][\/vc_column][\/vc_row][vc_row type=\u00bbin_container\u00bb full_screen_row_position=\u00bbmiddle\u00bb column_margin=\u00bbdefault\u00bb column_direction=\u00bbdefault\u00bb column_direction_tablet=\u00bbdefault\u00bb column_direction_phone=\u00bbdefault\u00bb scene_position=\u00bbcenter\u00bb text_color=\u00bbdark\u00bb text_align=\u00bbleft\u00bb row_border_radius=\u00bbnone\u00bb row_border_radius_applies=\u00bbbg\u00bb overflow=\u00bbvisible\u00bb overlay_strength=\u00bb0.3&#8243; gradient_direction=\u00bbleft_to_right\u00bb shape_divider_position=\u00bbbottom\u00bb bg_image_animation=\u00bbnone\u00bb][vc_column column_padding=\u00bbno-extra-padding\u00bb column_padding_tablet=\u00bbinherit\u00bb column_padding_phone=\u00bbinherit\u00bb column_padding_position=\u00bball\u00bb column_element_spacing=\u00bbdefault\u00bb background_color_opacity=\u00bb1&#8243; background_hover_color_opacity=\u00bb1&#8243; column_shadow=\u00bbnone\u00bb column_border_radius=\u00bbnone\u00bb column_link_target=\u00bb_self\u00bb column_position=\u00bbdefault\u00bb gradient_direction=\u00bbleft_to_right\u00bb overlay_strength=\u00bb0.3&#8243; width=\u00bb1\/2&#8243; tablet_width_inherit=\u00bbdefault\u00bb tablet_text_alignment=\u00bbdefault\u00bb phone_text_alignment=\u00bbdefault\u00bb animation_type=\u00bbdefault\u00bb bg_image_animation=\u00bbnone\u00bb border_type=\u00bbsimple\u00bb column_border_width=\u00bbnone\u00bb column_border_style=\u00bbsolid\u00bb][divider line_type=\u00bbNo Line\u00bb custom_height=\u00bb40&#8243;][image_with_animation image_url=\u00bb3937&#8243; image_size=\u00bbfull\u00bb animation_type=\u00bbentrance\u00bb animation=\u00bbFade In\u00bb hover_animation=\u00bbnone\u00bb alignment=\u00bb\u00bb border_radius=\u00bbnone\u00bb box_shadow=\u00bbnone\u00bb image_loading=\u00bbdefault\u00bb max_width=\u00bb100%\u00bb max_width_mobile=\u00bbdefault\u00bb][\/vc_column][vc_column column_padding=\u00bbno-extra-padding\u00bb column_padding_tablet=\u00bbinherit\u00bb column_padding_phone=\u00bbinherit\u00bb column_padding_position=\u00bball\u00bb column_element_spacing=\u00bbdefault\u00bb background_color_opacity=\u00bb1&#8243; background_hover_color_opacity=\u00bb1&#8243; column_shadow=\u00bbnone\u00bb column_border_radius=\u00bbnone\u00bb column_link_target=\u00bb_self\u00bb column_position=\u00bbdefault\u00bb gradient_direction=\u00bbleft_to_right\u00bb overlay_strength=\u00bb0.3&#8243; width=\u00bb1\/2&#8243; tablet_width_inherit=\u00bbdefault\u00bb tablet_text_alignment=\u00bbdefault\u00bb phone_text_alignment=\u00bbdefault\u00bb animation_type=\u00bbdefault\u00bb bg_image_animation=\u00bbnone\u00bb border_type=\u00bbsimple\u00bb column_border_width=\u00bbnone\u00bb column_border_style=\u00bbsolid\u00bb][vc_column_text]\n<h3>Origen y denominaci\u00f3n<\/h3>\n[\/vc_column_text][vc_column_text]Su origen se remonta a hace 8000 a\u00f1os. As\u00ed de a\u00f1eja es su receta.[\/vc_column_text][vc_column_text]Es f\u00e1cil reconocer este tipo de queso, pues posee una <strong>corteza<\/strong> caracter\u00edstica, <strong>lisa<\/strong>, bastante <strong>dura<\/strong> y de un color <strong>amarillo<\/strong> <strong>blanquecino<\/strong> de tonalidades bastante p\u00e1lidas. Adem\u00e1s, este <strong>producto gourmet<\/strong> tan conocido por todo el mundo, tiene dos variedades, a cada cual m\u00e1s exquisita:[\/vc_column_text]<div class=\"nectar-fancy-ul\" data-list-icon=\"icon-salient-thin-line\" data-animation=\"false\" data-animation-delay=\"0\" data-color=\"accent-color\" data-spacing=\"default\" data-alignment=\"left\"> \n<ul>\n<li><span style=\"font-weight: 400;\">Con toques ahumados (la m\u00e1s conocida fuera de su zona de producci\u00f3n)<\/span><\/li>\n<li style=\"font-weight: 400;\"><span style=\"font-weight: 400;\">La variedad sin ahumar<\/span><\/li>\n<\/ul>\n <\/div>[divider line_type=\u00bbNo Line\u00bb custom_height=\u00bb35&#8243;][\/vc_column][\/vc_row][vc_row type=\u00bbin_container\u00bb full_screen_row_position=\u00bbmiddle\u00bb column_margin=\u00bbdefault\u00bb column_direction=\u00bbdefault\u00bb column_direction_tablet=\u00bbdefault\u00bb column_direction_phone=\u00bbdefault\u00bb scene_position=\u00bbcenter\u00bb text_color=\u00bbdark\u00bb text_align=\u00bbleft\u00bb row_border_radius=\u00bbnone\u00bb row_border_radius_applies=\u00bbbg\u00bb overflow=\u00bbvisible\u00bb overlay_strength=\u00bb0.3&#8243; gradient_direction=\u00bbleft_to_right\u00bb shape_divider_position=\u00bbbottom\u00bb bg_image_animation=\u00bbnone\u00bb][vc_column column_padding=\u00bbno-extra-padding\u00bb column_padding_tablet=\u00bbinherit\u00bb column_padding_phone=\u00bbinherit\u00bb column_padding_position=\u00bball\u00bb column_element_spacing=\u00bbdefault\u00bb background_color_opacity=\u00bb1&#8243; background_hover_color_opacity=\u00bb1&#8243; column_shadow=\u00bbnone\u00bb column_border_radius=\u00bbnone\u00bb column_link_target=\u00bb_self\u00bb column_position=\u00bbdefault\u00bb gradient_direction=\u00bbleft_to_right\u00bb overlay_strength=\u00bb0.3&#8243; width=\u00bb1\/1&#8243; tablet_width_inherit=\u00bbdefault\u00bb tablet_text_alignment=\u00bbdefault\u00bb phone_text_alignment=\u00bbdefault\u00bb animation_type=\u00bbdefault\u00bb bg_image_animation=\u00bbnone\u00bb border_type=\u00bbsimple\u00bb column_border_width=\u00bbnone\u00bb column_border_style=\u00bbsolid\u00bb][vc_column_text]\n<h3>Beneficios nutritivos<\/h3>\n[\/vc_column_text][vc_column_text]Adem\u00e1s, sus propiedades son m\u00faltiples e infinitas. Queso<strong> rico en prote\u00ednas<\/strong> que adem\u00e1s no posee <strong>ni carbohidratos ni az\u00facar<\/strong>, con lo que es ideal para todas aquellas personas amantes del deporte (y del buen comer).[\/vc_column_text][vc_column_text]Su aporte cal\u00f3rico es mediano, <strong>443 kcal<\/strong>, y sus vitaminas, espl\u00e9ndidas, como la<strong> B3, B9 y K.<\/strong> Estupendo para los y las m\u00e1s peque\u00f1os\/as por su <strong>alto porcentaje de calcio<\/strong>, acaba siendo ideal para fortalecer los huesos, los dientes y tambi\u00e9n el cuidado de la piel.[\/vc_column_text][divider line_type=\u00bbNo Line\u00bb custom_height=\u00bb35&#8243;][\/vc_column][\/vc_row][vc_row type=\u00bbin_container\u00bb full_screen_row_position=\u00bbmiddle\u00bb column_margin=\u00bbdefault\u00bb column_direction=\u00bbdefault\u00bb column_direction_tablet=\u00bbdefault\u00bb column_direction_phone=\u00bbdefault\u00bb scene_position=\u00bbcenter\u00bb text_color=\u00bbdark\u00bb text_align=\u00bbleft\u00bb row_border_radius=\u00bbnone\u00bb row_border_radius_applies=\u00bbbg\u00bb overflow=\u00bbvisible\u00bb overlay_strength=\u00bb0.3&#8243; gradient_direction=\u00bbleft_to_right\u00bb shape_divider_position=\u00bbbottom\u00bb bg_image_animation=\u00bbnone\u00bb][vc_column column_padding=\u00bbno-extra-padding\u00bb column_padding_tablet=\u00bbinherit\u00bb column_padding_phone=\u00bbinherit\u00bb column_padding_position=\u00bball\u00bb column_element_spacing=\u00bbdefault\u00bb background_color_opacity=\u00bb1&#8243; background_hover_color_opacity=\u00bb1&#8243; column_shadow=\u00bbnone\u00bb column_border_radius=\u00bbnone\u00bb column_link_target=\u00bb_self\u00bb column_position=\u00bbdefault\u00bb gradient_direction=\u00bbleft_to_right\u00bb overlay_strength=\u00bb0.3&#8243; width=\u00bb2\/3&#8243; tablet_width_inherit=\u00bbdefault\u00bb tablet_text_alignment=\u00bbdefault\u00bb phone_text_alignment=\u00bbdefault\u00bb animation_type=\u00bbdefault\u00bb bg_image_animation=\u00bbnone\u00bb border_type=\u00bbsimple\u00bb column_border_width=\u00bbnone\u00bb column_border_style=\u00bbsolid\u00bb][vc_column_text]\n<h3>C\u00f3mo consumirlo<\/h3>\n[\/vc_column_text][vc_column_text]\n<h4>El corte<\/h4>\n[\/vc_column_text][vc_column_text]A la hora de presentarlo y comerlo, un consejo \u00fatil y pr\u00e1ctico: el corte indicado es en <strong>cu\u00f1as<\/strong> y despu\u00e9s, en <strong>l\u00e1minas<\/strong>. Si deseas hacerlo de la manera perfecta, <strong>atempera el cuchillo<\/strong> previamente a cortar el queso con un poquito de agua templada y conseguir\u00e1s con eso, no romper la temperatura natural del queso.[\/vc_column_text][divider line_type=\u00bbNo Line\u00bb custom_height=\u00bb30&#8243;][\/vc_column][vc_column column_padding=\u00bbno-extra-padding\u00bb column_padding_tablet=\u00bbinherit\u00bb column_padding_phone=\u00bbinherit\u00bb column_padding_position=\u00bball\u00bb column_element_spacing=\u00bbdefault\u00bb background_color_opacity=\u00bb1&#8243; background_hover_color_opacity=\u00bb1&#8243; column_shadow=\u00bbnone\u00bb column_border_radius=\u00bbnone\u00bb column_link_target=\u00bb_self\u00bb column_position=\u00bbdefault\u00bb gradient_direction=\u00bbleft_to_right\u00bb overlay_strength=\u00bb0.3&#8243; width=\u00bb1\/3&#8243; tablet_width_inherit=\u00bbdefault\u00bb tablet_text_alignment=\u00bbdefault\u00bb phone_text_alignment=\u00bbdefault\u00bb animation_type=\u00bbdefault\u00bb bg_image_animation=\u00bbnone\u00bb border_type=\u00bbsimple\u00bb column_border_width=\u00bbnone\u00bb column_border_style=\u00bbsolid\u00bb][image_with_animation image_url=\u00bb1043&#8243; image_size=\u00bbfull\u00bb animation_type=\u00bbentrance\u00bb animation=\u00bbFade In\u00bb hover_animation=\u00bbnone\u00bb alignment=\u00bb\u00bb border_radius=\u00bbnone\u00bb box_shadow=\u00bbnone\u00bb image_loading=\u00bbdefault\u00bb max_width=\u00bb100%\u00bb max_width_mobile=\u00bbdefault\u00bb][\/vc_column][\/vc_row][vc_row type=\u00bbin_container\u00bb full_screen_row_position=\u00bbmiddle\u00bb column_margin=\u00bbdefault\u00bb column_direction=\u00bbdefault\u00bb column_direction_tablet=\u00bbdefault\u00bb column_direction_phone=\u00bbdefault\u00bb scene_position=\u00bbcenter\u00bb text_color=\u00bbdark\u00bb text_align=\u00bbleft\u00bb row_border_radius=\u00bbnone\u00bb row_border_radius_applies=\u00bbbg\u00bb overflow=\u00bbvisible\u00bb overlay_strength=\u00bb0.3&#8243; gradient_direction=\u00bbleft_to_right\u00bb shape_divider_position=\u00bbbottom\u00bb bg_image_animation=\u00bbnone\u00bb][vc_column column_padding=\u00bbno-extra-padding\u00bb column_padding_tablet=\u00bbinherit\u00bb column_padding_phone=\u00bbinherit\u00bb column_padding_position=\u00bball\u00bb column_element_spacing=\u00bbdefault\u00bb background_color_opacity=\u00bb1&#8243; background_hover_color_opacity=\u00bb1&#8243; column_shadow=\u00bbnone\u00bb column_border_radius=\u00bbnone\u00bb column_link_target=\u00bb_self\u00bb column_position=\u00bbdefault\u00bb gradient_direction=\u00bbleft_to_right\u00bb overlay_strength=\u00bb0.3&#8243; width=\u00bb2\/3&#8243; tablet_width_inherit=\u00bbdefault\u00bb tablet_text_alignment=\u00bbdefault\u00bb phone_text_alignment=\u00bbdefault\u00bb animation_type=\u00bbdefault\u00bb bg_image_animation=\u00bbnone\u00bb border_type=\u00bbsimple\u00bb column_border_width=\u00bbnone\u00bb column_border_style=\u00bbsolid\u00bb][vc_column_text]\n<h4>El acompa\u00f1amiento<\/h4>\n[\/vc_column_text][vc_column_text]\u00bfY para acompa\u00f1arlo? Aunque eso ya es una cuesti\u00f3n de gustos personales, en Domiko te proponemos tomarlo junto a un buen vino de uvas de la variedad <strong>garnacha y tempranillo<\/strong>, que potencian su sabor; y unas deliciosas mermeladas de fruta, miel o frutos secos y pasas. \u00bfEres m\u00e1s de salado? Estupendo. Opta por unos <strong>pimientos<\/strong> de piquillo, unas anchoas, <strong>jam\u00f3n ib\u00e9rico<\/strong> o hasta unos panecillos tostados. \u00a1Imaginaci\u00f3n al poder! Sin mencionar el sinf\u00edn de recetas en las que su incorporaci\u00f3n ser\u00e1 sin duda el toque estrella.[\/vc_column_text][divider line_type=\u00bbNo Line\u00bb custom_height=\u00bb45&#8243;][\/vc_column][vc_column column_padding=\u00bbno-extra-padding\u00bb column_padding_tablet=\u00bbinherit\u00bb column_padding_phone=\u00bbinherit\u00bb column_padding_position=\u00bball\u00bb column_element_spacing=\u00bbdefault\u00bb background_color_opacity=\u00bb1&#8243; background_hover_color_opacity=\u00bb1&#8243; column_shadow=\u00bbnone\u00bb column_border_radius=\u00bbnone\u00bb column_link_target=\u00bb_self\u00bb column_position=\u00bbdefault\u00bb gradient_direction=\u00bbleft_to_right\u00bb overlay_strength=\u00bb0.3&#8243; width=\u00bb1\/3&#8243; tablet_width_inherit=\u00bbdefault\u00bb tablet_text_alignment=\u00bbdefault\u00bb phone_text_alignment=\u00bbdefault\u00bb animation_type=\u00bbdefault\u00bb bg_image_animation=\u00bbnone\u00bb border_type=\u00bbsimple\u00bb column_border_width=\u00bbnone\u00bb column_border_style=\u00bbsolid\u00bb][image_with_animation image_url=\u00bb1038&#8243; image_size=\u00bbfull\u00bb animation_type=\u00bbentrance\u00bb animation=\u00bbFade In\u00bb hover_animation=\u00bbnone\u00bb alignment=\u00bb\u00bb border_radius=\u00bbnone\u00bb box_shadow=\u00bbnone\u00bb image_loading=\u00bbdefault\u00bb max_width=\u00bb100%\u00bb max_width_mobile=\u00bbdefault\u00bb][\/vc_column][\/vc_row][vc_row type=\u00bbin_container\u00bb full_screen_row_position=\u00bbmiddle\u00bb column_margin=\u00bbdefault\u00bb column_direction=\u00bbdefault\u00bb column_direction_tablet=\u00bbdefault\u00bb column_direction_phone=\u00bbdefault\u00bb scene_position=\u00bbcenter\u00bb text_color=\u00bbdark\u00bb text_align=\u00bbleft\u00bb row_border_radius=\u00bbnone\u00bb row_border_radius_applies=\u00bbbg\u00bb overflow=\u00bbvisible\u00bb overlay_strength=\u00bb0.3&#8243; gradient_direction=\u00bbleft_to_right\u00bb shape_divider_position=\u00bbbottom\u00bb bg_image_animation=\u00bbnone\u00bb][vc_column column_padding=\u00bbno-extra-padding\u00bb column_padding_tablet=\u00bbinherit\u00bb column_padding_phone=\u00bbinherit\u00bb column_padding_position=\u00bball\u00bb column_element_spacing=\u00bbdefault\u00bb background_color_opacity=\u00bb1&#8243; background_hover_color_opacity=\u00bb1&#8243; column_shadow=\u00bbnone\u00bb column_border_radius=\u00bbnone\u00bb column_link_target=\u00bb_self\u00bb column_position=\u00bbdefault\u00bb gradient_direction=\u00bbleft_to_right\u00bb overlay_strength=\u00bb0.3&#8243; width=\u00bb1\/1&#8243; tablet_width_inherit=\u00bbdefault\u00bb tablet_text_alignment=\u00bbdefault\u00bb phone_text_alignment=\u00bbdefault\u00bb animation_type=\u00bbdefault\u00bb bg_image_animation=\u00bbnone\u00bb border_type=\u00bbsimple\u00bb column_border_width=\u00bbnone\u00bb column_border_style=\u00bbsolid\u00bb][vc_column_text]\n<p style=\"text-align: center;\">As\u00ed que ya sabes&#8230;<\/p>\n<p style=\"text-align: center;\">Si eres de <strong>buen queso<\/strong>, eres de <strong>Domiko<\/strong>.<\/p>\n<p style=\"text-align: center;\">Si eres de las personas que buscan lo mejor de<strong> lo mejor<\/strong>, eres de <strong>Domiko<\/strong>.<\/p>\n<p style=\"text-align: center;\">Y sobre todo, si te gustan los <strong>productos artesanos<\/strong> y de la mejor <strong>calidad<\/strong>, eres de <strong>Domiko<\/strong>.<\/p>\n[\/vc_column_text][divider line_type=\u00bbNo Line\u00bb custom_height=\u00bb40&#8243;][vc_column_text]\n<h4 style=\"text-align: center;\">Ahora, ya s\u00f3lo te queda paladear. \u00a1Que nos disfrutes!<\/h4>\n[\/vc_column_text][\/vc_column][\/vc_row]\n","protected":false},"excerpt":{"rendered":"<p>[vc_row type=\u00bbin_container\u00bb full_screen_row_position=\u00bbmiddle\u00bb column_margin=\u00bbdefault\u00bb column_direction=\u00bbdefault\u00bb column_direction_tablet=\u00bbdefault\u00bb column_direction_phone=\u00bbdefault\u00bb scene_position=\u00bbcenter\u00bb text_color=\u00bbdark\u00bb text_align=\u00bbleft\u00bb row_border_radius=\u00bbnone\u00bb row_border_radius_applies=\u00bbbg\u00bb overflow=\u00bbvisible\u00bb overlay_strength=\u00bb0.3&#8243; gradient_direction=\u00bbleft_to_right\u00bb shape_divider_position=\u00bbbottom\u00bb bg_image_animation=\u00bbnone\u00bb][vc_column column_padding=\u00bbno-extra-padding\u00bb column_padding_tablet=\u00bbinherit\u00bb column_padding_phone=\u00bbinherit\u00bb column_padding_position=\u00bball\u00bb column_element_spacing=\u00bbdefault\u00bb background_color_opacity=\u00bb1&#8243; background_hover_color_opacity=\u00bb1&#8243; column_shadow=\u00bbnone\u00bb column_border_radius=\u00bbnone\u00bb column_link_target=\u00bb_self\u00bb column_position=\u00bbdefault\u00bb gradient_direction=\u00bbleft_to_right\u00bb overlay_strength=\u00bb0.3&#8243;&#8230;<\/p>\n","protected":false},"author":3,"featured_media":3852,"comment_status":"closed","ping_status":"closed","sticky":false,"template":"","format":"standard","meta":{"_acf_changed":false,"footnotes":""},"categories":[18,166],"tags":[203,462,313,315,305,309,317,209],"class_list":{"0":"post-1026","1":"post","2":"type-post","3":"status-publish","4":"format-standard","5":"has-post-thumbnail","7":"category-consejos","8":"category-zarautz","9":"tag-domiko","10":"tag-etiqueta-negra","11":"tag-oveja","12":"tag-producto-autoctono","13":"tag-queso","14":"tag-queso-domiko","15":"tag-queso-vasco","16":"tag-zarautz"},"acf":[],"yoast_head":"<!-- This site is optimized with the Yoast SEO plugin v27.2 - https:\/\/yoast.com\/product\/yoast-seo-wordpress\/ -->\n<title>Queso artesano: la mejor elecci\u00f3n para tu paladar - Domiko<\/title>\n<meta name=\"description\" content=\"\u00a1Descubre el queso artesano m\u00e1s sabroso! Todo un para\u00edso de sabores aut\u00f3ctonos y de tradici\u00f3n vasca al alcance de la mano.\" \/>\n<meta name=\"robots\" content=\"index, follow, max-snippet:-1, max-image-preview:large, max-video-preview:-1\" \/>\n<link rel=\"canonical\" href=\"https:\/\/domiko.com\/es\/queso-artesano-domiko\/\" \/>\n<meta property=\"og:locale\" content=\"es_ES\" \/>\n<meta property=\"og:type\" content=\"article\" \/>\n<meta property=\"og:title\" content=\"Conoce el queso Idiazabal de Domiko: sus propiedades y c\u00f3mo disfrutarlo\" \/>\n<meta property=\"og:description\" content=\"\u00a1Decubre nuestro queso Domiko - Idiazabal de etiqueta roja, producido desde 1989! Todo un para\u00edso de sabores aut\u00f3ctonos y de tradici\u00f3n vasca.\" \/>\n<meta property=\"og:url\" content=\"https:\/\/domiko.com\/es\/queso-artesano-domiko\/\" \/>\n<meta property=\"og:site_name\" content=\"Domiko\" \/>\n<meta property=\"article:publisher\" content=\"https:\/\/www.facebook.com\/domikozarautz\/\" \/>\n<meta property=\"article:published_time\" content=\"2019-12-04T10:15:38+00:00\" \/>\n<meta property=\"article:modified_time\" content=\"2024-04-18T08:08:08+00:00\" \/>\n<meta property=\"og:image\" content=\"https:\/\/domiko.com\/wp-content\/uploads\/2019\/11\/QUESO-DOMIKO-MODIFICADO-scaled.jpg\" \/>\n\t<meta property=\"og:image:width\" content=\"2560\" \/>\n\t<meta property=\"og:image:height\" content=\"1290\" \/>\n\t<meta property=\"og:image:type\" content=\"image\/jpeg\" \/>\n<meta name=\"author\" content=\"Domiko\" \/>\n<meta name=\"twitter:card\" content=\"summary_large_image\" \/>\n<meta name=\"twitter:label1\" content=\"Escrito por\" \/>\n\t<meta name=\"twitter:data1\" content=\"Domiko\" \/>\n\t<meta name=\"twitter:label2\" content=\"Tiempo de lectura\" \/>\n\t<meta name=\"twitter:data2\" content=\"4 minutos\" \/>\n<script type=\"application\/ld+json\" class=\"yoast-schema-graph\">{\"@context\":\"https:\/\/schema.org\",\"@graph\":[{\"@type\":\"Article\",\"@id\":\"https:\/\/domiko.com\/es\/queso-artesano-domiko\/#article\",\"isPartOf\":{\"@id\":\"https:\/\/domiko.com\/es\/queso-artesano-domiko\/\"},\"author\":{\"name\":\"Domiko\",\"@id\":\"https:\/\/domiko.com\/es\/#\/schema\/person\/ab6c3e731e2ae59e944f845f27a34879\"},\"headline\":\"Conoce el queso artesano de Domiko: sus propiedades y c\u00f3mo disfrutarlo\",\"datePublished\":\"2019-12-04T10:15:38+00:00\",\"dateModified\":\"2024-04-18T08:08:08+00:00\",\"mainEntityOfPage\":{\"@id\":\"https:\/\/domiko.com\/es\/queso-artesano-domiko\/\"},\"wordCount\":2073,\"publisher\":{\"@id\":\"https:\/\/domiko.com\/es\/#organization\"},\"image\":{\"@id\":\"https:\/\/domiko.com\/es\/queso-artesano-domiko\/#primaryimage\"},\"thumbnailUrl\":\"https:\/\/domiko.com\/wp-content\/uploads\/2019\/03\/2023-queso-domiko-enteros-min-1-scaled.jpg\",\"keywords\":[\"domiko\",\"Etiqueta negra\",\"Oveja\",\"Producto aut\u00f3ctono\",\"Queso\",\"Queso domiko\",\"Queso vasco\",\"zarautz\"],\"articleSection\":[\"Consejos\",\"Zarautz\"],\"inLanguage\":\"es\"},{\"@type\":\"WebPage\",\"@id\":\"https:\/\/domiko.com\/es\/queso-artesano-domiko\/\",\"url\":\"https:\/\/domiko.com\/es\/queso-artesano-domiko\/\",\"name\":\"Queso artesano: la mejor elecci\u00f3n para tu paladar - Domiko\",\"isPartOf\":{\"@id\":\"https:\/\/domiko.com\/es\/#website\"},\"primaryImageOfPage\":{\"@id\":\"https:\/\/domiko.com\/es\/queso-artesano-domiko\/#primaryimage\"},\"image\":{\"@id\":\"https:\/\/domiko.com\/es\/queso-artesano-domiko\/#primaryimage\"},\"thumbnailUrl\":\"https:\/\/domiko.com\/wp-content\/uploads\/2019\/03\/2023-queso-domiko-enteros-min-1-scaled.jpg\",\"datePublished\":\"2019-12-04T10:15:38+00:00\",\"dateModified\":\"2024-04-18T08:08:08+00:00\",\"description\":\"\u00a1Descubre el queso artesano m\u00e1s sabroso! Todo un para\u00edso de sabores aut\u00f3ctonos y de tradici\u00f3n vasca al alcance de la mano.\",\"breadcrumb\":{\"@id\":\"https:\/\/domiko.com\/es\/queso-artesano-domiko\/#breadcrumb\"},\"inLanguage\":\"es\",\"potentialAction\":[{\"@type\":\"ReadAction\",\"target\":[\"https:\/\/domiko.com\/es\/queso-artesano-domiko\/\"]}]},{\"@type\":\"ImageObject\",\"inLanguage\":\"es\",\"@id\":\"https:\/\/domiko.com\/es\/queso-artesano-domiko\/#primaryimage\",\"url\":\"https:\/\/domiko.com\/wp-content\/uploads\/2019\/03\/2023-queso-domiko-enteros-min-1-scaled.jpg\",\"contentUrl\":\"https:\/\/domiko.com\/wp-content\/uploads\/2019\/03\/2023-queso-domiko-enteros-min-1-scaled.jpg\",\"width\":2560,\"height\":2051},{\"@type\":\"BreadcrumbList\",\"@id\":\"https:\/\/domiko.com\/es\/queso-artesano-domiko\/#breadcrumb\",\"itemListElement\":[{\"@type\":\"ListItem\",\"position\":1,\"name\":\"Home\",\"item\":\"https:\/\/domiko.com\/es\/\"},{\"@type\":\"ListItem\",\"position\":2,\"name\":\"Conoce el queso artesano de Domiko: sus propiedades y c\u00f3mo disfrutarlo\"}]},{\"@type\":\"WebSite\",\"@id\":\"https:\/\/domiko.com\/es\/#website\",\"url\":\"https:\/\/domiko.com\/es\/\",\"name\":\"Domiko\",\"description\":\"\",\"publisher\":{\"@id\":\"https:\/\/domiko.com\/es\/#organization\"},\"potentialAction\":[{\"@type\":\"SearchAction\",\"target\":{\"@type\":\"EntryPoint\",\"urlTemplate\":\"https:\/\/domiko.com\/es\/?s={search_term_string}\"},\"query-input\":{\"@type\":\"PropertyValueSpecification\",\"valueRequired\":true,\"valueName\":\"search_term_string\"}}],\"inLanguage\":\"es\"},{\"@type\":\"Organization\",\"@id\":\"https:\/\/domiko.com\/es\/#organization\",\"name\":\"Domiko\",\"url\":\"https:\/\/domiko.com\/es\/\",\"logo\":{\"@type\":\"ImageObject\",\"inLanguage\":\"es\",\"@id\":\"https:\/\/domiko.com\/es\/#\/schema\/logo\/image\/\",\"url\":\"https:\/\/domiko.com\/wp-content\/uploads\/2019\/01\/DOMIKO_LogoPrincipal_vert-1.png\",\"contentUrl\":\"https:\/\/domiko.com\/wp-content\/uploads\/2019\/01\/DOMIKO_LogoPrincipal_vert-1.png\",\"width\":800,\"height\":1045,\"caption\":\"Domiko\"},\"image\":{\"@id\":\"https:\/\/domiko.com\/es\/#\/schema\/logo\/image\/\"},\"sameAs\":[\"https:\/\/www.facebook.com\/domikozarautz\/\",\"https:\/\/instagram.com\/domikozarautz\/\"]},{\"@type\":\"Person\",\"@id\":\"https:\/\/domiko.com\/es\/#\/schema\/person\/ab6c3e731e2ae59e944f845f27a34879\",\"name\":\"Domiko\",\"image\":{\"@type\":\"ImageObject\",\"inLanguage\":\"es\",\"@id\":\"https:\/\/secure.gravatar.com\/avatar\/8d3c6dc5bde32295dc0c7099d9b38f71e5de1a2d5e03163731b4c4cc5d634dea?s=96&d=mm&r=g\",\"url\":\"https:\/\/secure.gravatar.com\/avatar\/8d3c6dc5bde32295dc0c7099d9b38f71e5de1a2d5e03163731b4c4cc5d634dea?s=96&d=mm&r=g\",\"contentUrl\":\"https:\/\/secure.gravatar.com\/avatar\/8d3c6dc5bde32295dc0c7099d9b38f71e5de1a2d5e03163731b4c4cc5d634dea?s=96&d=mm&r=g\",\"caption\":\"Domiko\"}}]}<\/script>\n<!-- \/ Yoast SEO plugin. -->","yoast_head_json":{"title":"Queso artesano: la mejor elecci\u00f3n para tu paladar - Domiko","description":"\u00a1Descubre el queso artesano m\u00e1s sabroso! Todo un para\u00edso de sabores aut\u00f3ctonos y de tradici\u00f3n vasca al alcance de la mano.","robots":{"index":"index","follow":"follow","max-snippet":"max-snippet:-1","max-image-preview":"max-image-preview:large","max-video-preview":"max-video-preview:-1"},"canonical":"https:\/\/domiko.com\/es\/queso-artesano-domiko\/","og_locale":"es_ES","og_type":"article","og_title":"Conoce el queso Idiazabal de Domiko: sus propiedades y c\u00f3mo disfrutarlo","og_description":"\u00a1Decubre nuestro queso Domiko - Idiazabal de etiqueta roja, producido desde 1989! Todo un para\u00edso de sabores aut\u00f3ctonos y de tradici\u00f3n vasca.","og_url":"https:\/\/domiko.com\/es\/queso-artesano-domiko\/","og_site_name":"Domiko","article_publisher":"https:\/\/www.facebook.com\/domikozarautz\/","article_published_time":"2019-12-04T10:15:38+00:00","article_modified_time":"2024-04-18T08:08:08+00:00","og_image":[{"width":2560,"height":1290,"url":"https:\/\/domiko.com\/wp-content\/uploads\/2019\/11\/QUESO-DOMIKO-MODIFICADO-scaled.jpg","type":"image\/jpeg"}],"author":"Domiko","twitter_card":"summary_large_image","twitter_misc":{"Escrito por":"Domiko","Tiempo de lectura":"4 minutos"},"schema":{"@context":"https:\/\/schema.org","@graph":[{"@type":"Article","@id":"https:\/\/domiko.com\/es\/queso-artesano-domiko\/#article","isPartOf":{"@id":"https:\/\/domiko.com\/es\/queso-artesano-domiko\/"},"author":{"name":"Domiko","@id":"https:\/\/domiko.com\/es\/#\/schema\/person\/ab6c3e731e2ae59e944f845f27a34879"},"headline":"Conoce el queso artesano de Domiko: sus propiedades y c\u00f3mo disfrutarlo","datePublished":"2019-12-04T10:15:38+00:00","dateModified":"2024-04-18T08:08:08+00:00","mainEntityOfPage":{"@id":"https:\/\/domiko.com\/es\/queso-artesano-domiko\/"},"wordCount":2073,"publisher":{"@id":"https:\/\/domiko.com\/es\/#organization"},"image":{"@id":"https:\/\/domiko.com\/es\/queso-artesano-domiko\/#primaryimage"},"thumbnailUrl":"https:\/\/domiko.com\/wp-content\/uploads\/2019\/03\/2023-queso-domiko-enteros-min-1-scaled.jpg","keywords":["domiko","Etiqueta negra","Oveja","Producto aut\u00f3ctono","Queso","Queso domiko","Queso vasco","zarautz"],"articleSection":["Consejos","Zarautz"],"inLanguage":"es"},{"@type":"WebPage","@id":"https:\/\/domiko.com\/es\/queso-artesano-domiko\/","url":"https:\/\/domiko.com\/es\/queso-artesano-domiko\/","name":"Queso artesano: la mejor elecci\u00f3n para tu paladar - Domiko","isPartOf":{"@id":"https:\/\/domiko.com\/es\/#website"},"primaryImageOfPage":{"@id":"https:\/\/domiko.com\/es\/queso-artesano-domiko\/#primaryimage"},"image":{"@id":"https:\/\/domiko.com\/es\/queso-artesano-domiko\/#primaryimage"},"thumbnailUrl":"https:\/\/domiko.com\/wp-content\/uploads\/2019\/03\/2023-queso-domiko-enteros-min-1-scaled.jpg","datePublished":"2019-12-04T10:15:38+00:00","dateModified":"2024-04-18T08:08:08+00:00","description":"\u00a1Descubre el queso artesano m\u00e1s sabroso! Todo un para\u00edso de sabores aut\u00f3ctonos y de tradici\u00f3n vasca al alcance de la mano.","breadcrumb":{"@id":"https:\/\/domiko.com\/es\/queso-artesano-domiko\/#breadcrumb"},"inLanguage":"es","potentialAction":[{"@type":"ReadAction","target":["https:\/\/domiko.com\/es\/queso-artesano-domiko\/"]}]},{"@type":"ImageObject","inLanguage":"es","@id":"https:\/\/domiko.com\/es\/queso-artesano-domiko\/#primaryimage","url":"https:\/\/domiko.com\/wp-content\/uploads\/2019\/03\/2023-queso-domiko-enteros-min-1-scaled.jpg","contentUrl":"https:\/\/domiko.com\/wp-content\/uploads\/2019\/03\/2023-queso-domiko-enteros-min-1-scaled.jpg","width":2560,"height":2051},{"@type":"BreadcrumbList","@id":"https:\/\/domiko.com\/es\/queso-artesano-domiko\/#breadcrumb","itemListElement":[{"@type":"ListItem","position":1,"name":"Home","item":"https:\/\/domiko.com\/es\/"},{"@type":"ListItem","position":2,"name":"Conoce el queso artesano de Domiko: sus propiedades y c\u00f3mo disfrutarlo"}]},{"@type":"WebSite","@id":"https:\/\/domiko.com\/es\/#website","url":"https:\/\/domiko.com\/es\/","name":"Domiko","description":"","publisher":{"@id":"https:\/\/domiko.com\/es\/#organization"},"potentialAction":[{"@type":"SearchAction","target":{"@type":"EntryPoint","urlTemplate":"https:\/\/domiko.com\/es\/?s={search_term_string}"},"query-input":{"@type":"PropertyValueSpecification","valueRequired":true,"valueName":"search_term_string"}}],"inLanguage":"es"},{"@type":"Organization","@id":"https:\/\/domiko.com\/es\/#organization","name":"Domiko","url":"https:\/\/domiko.com\/es\/","logo":{"@type":"ImageObject","inLanguage":"es","@id":"https:\/\/domiko.com\/es\/#\/schema\/logo\/image\/","url":"https:\/\/domiko.com\/wp-content\/uploads\/2019\/01\/DOMIKO_LogoPrincipal_vert-1.png","contentUrl":"https:\/\/domiko.com\/wp-content\/uploads\/2019\/01\/DOMIKO_LogoPrincipal_vert-1.png","width":800,"height":1045,"caption":"Domiko"},"image":{"@id":"https:\/\/domiko.com\/es\/#\/schema\/logo\/image\/"},"sameAs":["https:\/\/www.facebook.com\/domikozarautz\/","https:\/\/instagram.com\/domikozarautz\/"]},{"@type":"Person","@id":"https:\/\/domiko.com\/es\/#\/schema\/person\/ab6c3e731e2ae59e944f845f27a34879","name":"Domiko","image":{"@type":"ImageObject","inLanguage":"es","@id":"https:\/\/secure.gravatar.com\/avatar\/8d3c6dc5bde32295dc0c7099d9b38f71e5de1a2d5e03163731b4c4cc5d634dea?s=96&d=mm&r=g","url":"https:\/\/secure.gravatar.com\/avatar\/8d3c6dc5bde32295dc0c7099d9b38f71e5de1a2d5e03163731b4c4cc5d634dea?s=96&d=mm&r=g","contentUrl":"https:\/\/secure.gravatar.com\/avatar\/8d3c6dc5bde32295dc0c7099d9b38f71e5de1a2d5e03163731b4c4cc5d634dea?s=96&d=mm&r=g","caption":"Domiko"}}]}},"_links":{"self":[{"href":"https:\/\/domiko.com\/es\/wp-json\/wp\/v2\/posts\/1026","targetHints":{"allow":["GET"]}}],"collection":[{"href":"https:\/\/domiko.com\/es\/wp-json\/wp\/v2\/posts"}],"about":[{"href":"https:\/\/domiko.com\/es\/wp-json\/wp\/v2\/types\/post"}],"author":[{"embeddable":true,"href":"https:\/\/domiko.com\/es\/wp-json\/wp\/v2\/users\/3"}],"replies":[{"embeddable":true,"href":"https:\/\/domiko.com\/es\/wp-json\/wp\/v2\/comments?post=1026"}],"version-history":[{"count":20,"href":"https:\/\/domiko.com\/es\/wp-json\/wp\/v2\/posts\/1026\/revisions"}],"predecessor-version":[{"id":3939,"href":"https:\/\/domiko.com\/es\/wp-json\/wp\/v2\/posts\/1026\/revisions\/3939"}],"wp:featuredmedia":[{"embeddable":true,"href":"https:\/\/domiko.com\/es\/wp-json\/wp\/v2\/media\/3852"}],"wp:attachment":[{"href":"https:\/\/domiko.com\/es\/wp-json\/wp\/v2\/media?parent=1026"}],"wp:term":[{"taxonomy":"category","embeddable":true,"href":"https:\/\/domiko.com\/es\/wp-json\/wp\/v2\/categories?post=1026"},{"taxonomy":"post_tag","embeddable":true,"href":"https:\/\/domiko.com\/es\/wp-json\/wp\/v2\/tags?post=1026"}],"curies":[{"name":"wp","href":"https:\/\/api.w.org\/{rel}","templated":true}]}}