
{"id":1060,"date":"2019-12-11T10:00:11","date_gmt":"2019-12-11T09:00:11","guid":{"rendered":"https:\/\/domiko.com\/?p=1060"},"modified":"2019-12-19T10:55:53","modified_gmt":"2019-12-19T09:55:53","slug":"menu-navidad-domiko","status":"publish","type":"post","link":"https:\/\/domiko.com\/es\/menu-navidad-domiko\/","title":{"rendered":"Men\u00fa de Navidad Domiko"},"content":{"rendered":"[vc_row type=\u00bbin_container\u00bb full_screen_row_position=\u00bbmiddle\u00bb scene_position=\u00bbcenter\u00bb text_color=\u00bbdark\u00bb text_align=\u00bbleft\u00bb overlay_strength=\u00bb0.3&#8243; shape_divider_position=\u00bbbottom\u00bb bg_image_animation=\u00bbnone\u00bb][vc_column column_padding=\u00bbno-extra-padding\u00bb column_padding_position=\u00bball\u00bb background_color_opacity=\u00bb1&#8243; background_hover_color_opacity=\u00bb1&#8243; column_link_target=\u00bb_self\u00bb column_shadow=\u00bbnone\u00bb column_border_radius=\u00bbnone\u00bb width=\u00bb1\/1&#8243; tablet_width_inherit=\u00bbdefault\u00bb tablet_text_alignment=\u00bbdefault\u00bb phone_text_alignment=\u00bbdefault\u00bb column_border_width=\u00bbnone\u00bb column_border_style=\u00bbsolid\u00bb bg_image_animation=\u00bbnone\u00bb][vc_column_text]\n<h2 style=\"text-align: center;\"><strong>\u00a0Entrantes, plato principal y postre.\u00a0<\/strong><\/h2>\n[\/vc_column_text][\/vc_column][\/vc_row][vc_row type=\u00bbin_container\u00bb full_screen_row_position=\u00bbmiddle\u00bb scene_position=\u00bbcenter\u00bb text_color=\u00bbdark\u00bb text_align=\u00bbleft\u00bb overlay_strength=\u00bb0.3&#8243; shape_divider_position=\u00bbbottom\u00bb bg_image_animation=\u00bbnone\u00bb][vc_column column_padding=\u00bbno-extra-padding\u00bb column_padding_position=\u00bball\u00bb background_color_opacity=\u00bb1&#8243; background_hover_color_opacity=\u00bb1&#8243; column_link_target=\u00bb_self\u00bb column_shadow=\u00bbnone\u00bb column_border_radius=\u00bbnone\u00bb width=\u00bb1\/1&#8243; tablet_width_inherit=\u00bbdefault\u00bb tablet_text_alignment=\u00bbdefault\u00bb phone_text_alignment=\u00bbdefault\u00bb column_border_width=\u00bbnone\u00bb column_border_style=\u00bbsolid\u00bb bg_image_animation=\u00bbnone\u00bb][vc_column_text]En las calles de cada ciudad ya se siente\u2026 Olor a casta\u00f1as y a churros con chocolate, luces de colores por doquier, villancicos, risas y actividades invernales de ocio para mayores y peque\u00f1os\/as. \u00a1Se acercan las Navidades! Y en <strong>Domiko,<\/strong> nos encantan estas fechas tan especiales\u2026[\/vc_column_text][vc_column_text]Por eso queremos proponerte una serie de ideas para que tu <strong>men\u00fa de Navidad<\/strong> sea tan m\u00e1gico como, sabemos, te mereces. \u00bfQuieres algo tradicional pero con un toque innovador? \u00bfTe apuntas a los productos gourmet de esos que logran que te chupes los dedos hasta m\u00e1s no poder? Pues ya sabes, si conf\u00edas en tu gente, en nosotros y nosotras, los\/as de siempre, no te arrepentir\u00e1s.[\/vc_column_text][divider line_type=\u00bbNo Line\u00bb custom_height=\u00bb40&#8243;][\/vc_column][\/vc_row][vc_row type=\u00bbin_container\u00bb full_screen_row_position=\u00bbmiddle\u00bb scene_position=\u00bbcenter\u00bb text_color=\u00bbdark\u00bb text_align=\u00bbleft\u00bb overlay_strength=\u00bb0.3&#8243; shape_divider_position=\u00bbbottom\u00bb bg_image_animation=\u00bbnone\u00bb][vc_column column_padding=\u00bbno-extra-padding\u00bb column_padding_position=\u00bball\u00bb background_color_opacity=\u00bb1&#8243; background_hover_color_opacity=\u00bb1&#8243; column_link_target=\u00bb_self\u00bb column_shadow=\u00bbnone\u00bb column_border_radius=\u00bbnone\u00bb width=\u00bb1\/1&#8243; tablet_width_inherit=\u00bbdefault\u00bb tablet_text_alignment=\u00bbdefault\u00bb phone_text_alignment=\u00bbdefault\u00bb column_border_width=\u00bbnone\u00bb column_border_style=\u00bbsolid\u00bb bg_image_animation=\u00bbnone\u00bb][vc_column_text]\n<h2>Los entrantes &#8211; embutidos y pat\u00e9s<\/h2>\n[\/vc_column_text][\/vc_column][\/vc_row][vc_row type=\u00bbin_container\u00bb full_screen_row_position=\u00bbmiddle\u00bb scene_position=\u00bbcenter\u00bb text_color=\u00bbdark\u00bb text_align=\u00bbleft\u00bb overlay_strength=\u00bb0.3&#8243; shape_divider_position=\u00bbbottom\u00bb bg_image_animation=\u00bbnone\u00bb][vc_column column_padding=\u00bbno-extra-padding\u00bb column_padding_position=\u00bball\u00bb background_color_opacity=\u00bb1&#8243; background_hover_color_opacity=\u00bb1&#8243; column_link_target=\u00bb_self\u00bb column_shadow=\u00bbnone\u00bb column_border_radius=\u00bbnone\u00bb width=\u00bb1\/1&#8243; tablet_width_inherit=\u00bbdefault\u00bb tablet_text_alignment=\u00bbdefault\u00bb phone_text_alignment=\u00bbdefault\u00bb column_border_width=\u00bbnone\u00bb column_border_style=\u00bbsolid\u00bb bg_image_animation=\u00bbnone\u00bb][vc_column_text]\n<h3>Tabla de embutidos<\/h3>\n[\/vc_column_text][vc_column_text]Ninguna cena puede empezar sin unos buenos platos de embutidos. Para abrir boca, nunca hay que escatimar en ellos. \u00bfSiempre pones los mismos? Bueno, desde Domiko nos encantan los siguientes:[\/vc_column_text][\/vc_column][\/vc_row][vc_row type=\u00bbin_container\u00bb full_screen_row_position=\u00bbmiddle\u00bb scene_position=\u00bbcenter\u00bb text_color=\u00bbdark\u00bb text_align=\u00bbleft\u00bb overlay_strength=\u00bb0.3&#8243; shape_divider_position=\u00bbbottom\u00bb bg_image_animation=\u00bbnone\u00bb][vc_column column_padding=\u00bbno-extra-padding\u00bb column_padding_position=\u00bball\u00bb background_color_opacity=\u00bb1&#8243; background_hover_color_opacity=\u00bb1&#8243; column_link_target=\u00bb_self\u00bb column_shadow=\u00bbnone\u00bb column_border_radius=\u00bbnone\u00bb width=\u00bb1\/1&#8243; tablet_width_inherit=\u00bbdefault\u00bb tablet_text_alignment=\u00bbdefault\u00bb phone_text_alignment=\u00bbdefault\u00bb column_border_width=\u00bbnone\u00bb column_border_style=\u00bbsolid\u00bb bg_image_animation=\u00bbnone\u00bb][image_with_animation image_url=\u00bb1074&#8243; alignment=\u00bb\u00bb animation=\u00bbFade In\u00bb border_radius=\u00bbnone\u00bb box_shadow=\u00bbnone\u00bb max_width=\u00bb100%\u00bb][\/vc_column][\/vc_row][vc_row type=\u00bbin_container\u00bb full_screen_row_position=\u00bbmiddle\u00bb scene_position=\u00bbcenter\u00bb text_color=\u00bbdark\u00bb text_align=\u00bbleft\u00bb overlay_strength=\u00bb0.3&#8243; shape_divider_position=\u00bbbottom\u00bb bg_image_animation=\u00bbnone\u00bb][vc_column column_padding=\u00bbno-extra-padding\u00bb column_padding_position=\u00bball\u00bb background_color_opacity=\u00bb1&#8243; background_hover_color_opacity=\u00bb1&#8243; column_link_target=\u00bb_self\u00bb column_shadow=\u00bbnone\u00bb column_border_radius=\u00bbnone\u00bb width=\u00bb1\/3&#8243; tablet_width_inherit=\u00bbdefault\u00bb tablet_text_alignment=\u00bbdefault\u00bb phone_text_alignment=\u00bbdefault\u00bb column_border_width=\u00bbnone\u00bb column_border_style=\u00bbsolid\u00bb bg_image_animation=\u00bbnone\u00bb][vc_column_text]\n<h4>Chorizo ib\u00e9rico<\/h4>\n[\/vc_column_text][vc_column_text]De alta calidad y elaborado a partir de carnes magras, se condimenta con especias. Maravilloso para cualquier paladar.[\/vc_column_text][image_with_animation image_url=\u00bb1079&#8243; alignment=\u00bb\u00bb animation=\u00bbFade In\u00bb border_radius=\u00bbnone\u00bb box_shadow=\u00bbnone\u00bb max_width=\u00bb100%\u00bb][\/vc_column][vc_column column_padding=\u00bbno-extra-padding\u00bb column_padding_position=\u00bball\u00bb background_color_opacity=\u00bb1&#8243; background_hover_color_opacity=\u00bb1&#8243; column_link_target=\u00bb_self\u00bb column_shadow=\u00bbnone\u00bb column_border_radius=\u00bbnone\u00bb width=\u00bb1\/3&#8243; tablet_width_inherit=\u00bbdefault\u00bb tablet_text_alignment=\u00bbdefault\u00bb phone_text_alignment=\u00bbdefault\u00bb column_border_width=\u00bbnone\u00bb column_border_style=\u00bbsolid\u00bb bg_image_animation=\u00bbnone\u00bb][vc_column_text]\n<h4>Lomo ib\u00e9rico<\/h4>\n[\/vc_column_text][vc_column_text]Producto estrella y sin igual. Te gustar\u00e1 saber que para hacerlo, no se manipula tanto la carne como en el caso del chorizo o la morcilla, algo que a\u00f1ade a su sabor, un toque muy natural.[\/vc_column_text][image_with_animation image_url=\u00bb1078&#8243; alignment=\u00bb\u00bb animation=\u00bbFade In\u00bb border_radius=\u00bbnone\u00bb box_shadow=\u00bbnone\u00bb max_width=\u00bb100%\u00bb][\/vc_column][vc_column column_padding=\u00bbno-extra-padding\u00bb column_padding_position=\u00bball\u00bb background_color_opacity=\u00bb1&#8243; background_hover_color_opacity=\u00bb1&#8243; column_link_target=\u00bb_self\u00bb column_shadow=\u00bbnone\u00bb column_border_radius=\u00bbnone\u00bb width=\u00bb1\/3&#8243; tablet_width_inherit=\u00bbdefault\u00bb tablet_text_alignment=\u00bbdefault\u00bb phone_text_alignment=\u00bbdefault\u00bb column_border_width=\u00bbnone\u00bb column_border_style=\u00bbsolid\u00bb bg_image_animation=\u00bbnone\u00bb][vc_column_text]\n<h4>Salchich\u00f3n ib\u00e9rico<\/h4>\n[\/vc_column_text][vc_column_text]No, no es jam\u00f3n (que nunca pasa de moda, ya lo sabemos),pero el salchich\u00f3n es imprescindible tambi\u00e9n para comer a modo de entrante o\u2026a cualquier hora.[\/vc_column_text][image_with_animation image_url=\u00bb1076&#8243; alignment=\u00bb\u00bb animation=\u00bbFade In\u00bb border_radius=\u00bbnone\u00bb box_shadow=\u00bbnone\u00bb max_width=\u00bb100%\u00bb][\/vc_column][\/vc_row][vc_row type=\u00bbin_container\u00bb full_screen_row_position=\u00bbmiddle\u00bb scene_position=\u00bbcenter\u00bb text_color=\u00bbdark\u00bb text_align=\u00bbleft\u00bb overlay_strength=\u00bb0.3&#8243; shape_divider_position=\u00bbbottom\u00bb bg_image_animation=\u00bbnone\u00bb][vc_column column_padding=\u00bbno-extra-padding\u00bb column_padding_position=\u00bball\u00bb background_color_opacity=\u00bb1&#8243; background_hover_color_opacity=\u00bb1&#8243; column_link_target=\u00bb_self\u00bb column_shadow=\u00bbnone\u00bb column_border_radius=\u00bbnone\u00bb width=\u00bb1\/1&#8243; tablet_width_inherit=\u00bbdefault\u00bb tablet_text_alignment=\u00bbdefault\u00bb phone_text_alignment=\u00bbdefault\u00bb column_border_width=\u00bbnone\u00bb column_border_style=\u00bbsolid\u00bb bg_image_animation=\u00bbnone\u00bb][divider line_type=\u00bbNo Line\u00bb custom_height=\u00bb20&#8243;][vc_column_text]\n<h3>Pat\u00e9 casero<\/h3>\n[\/vc_column_text][vc_column_text]\u00bfY para untar? Pat\u00e9 de at\u00fan, de cangrejo, de pato y oca\u2026\u00a1hasta de berenjena si quieres dar una opci\u00f3n vegetariana! Todo un surtido de posibilidades al alcance de tu mano, en tu tienda <strong>Domiko,<\/strong> o de elaboraci\u00f3n casera.<\/p>\n<p>Sea como sea, tan f\u00e1cil como esta deliciosa receta: <strong>pat\u00e9 de at\u00fan y anchoas\u2026<\/strong>[\/vc_column_text][\/vc_column][\/vc_row][vc_row type=\u00bbin_container\u00bb full_screen_row_position=\u00bbmiddle\u00bb scene_position=\u00bbcenter\u00bb text_color=\u00bbdark\u00bb text_align=\u00bbleft\u00bb overlay_strength=\u00bb0.3&#8243; shape_divider_position=\u00bbbottom\u00bb bg_image_animation=\u00bbnone\u00bb][vc_column column_padding=\u00bbno-extra-padding\u00bb column_padding_position=\u00bball\u00bb background_color_opacity=\u00bb1&#8243; background_hover_color_opacity=\u00bb1&#8243; column_link_target=\u00bb_self\u00bb column_shadow=\u00bbnone\u00bb column_border_radius=\u00bbnone\u00bb width=\u00bb2\/3&#8243; tablet_width_inherit=\u00bbdefault\u00bb tablet_text_alignment=\u00bbdefault\u00bb phone_text_alignment=\u00bbdefault\u00bb column_border_width=\u00bbnone\u00bb column_border_style=\u00bbsolid\u00bb bg_image_animation=\u00bbnone\u00bb][vc_column_text]\n<h4><b>Ingredientes<\/b><\/h4>\n[\/vc_column_text]<div class=\"nectar-fancy-ul\" data-list-icon=\"icon-salient-thin-line\" data-animation=\"false\" data-animation-delay=\"0\" data-color=\"accent-color\" data-spacing=\"default\" data-alignment=\"left\"> \n<ul>\n<li>Queso de untar<\/li>\n<li>Lim\u00f3n (1\/2 unidad)<\/li>\n<li>At\u00fan en conserva (1 lata grande)<\/li>\n<li>Anchoa en aceite (unos 3 filetes)<\/li>\n<\/ul>\n <\/div>[vc_column_text]\n<h4><b>Preparaci\u00f3n<\/b><\/h4>\n[\/vc_column_text]<div class=\"nectar-fancy-ul\" data-list-icon=\"icon-salient-thin-line\" data-animation=\"false\" data-animation-delay=\"0\" data-color=\"accent-color\" data-spacing=\"default\" data-alignment=\"left\"> \n<ol>\n<li>Exprime el zumo de medio lim\u00f3n en un vaso.<\/li>\n<li>Abre una lata de at\u00fan y, escurre el aceite.<\/li>\n<li>Vi\u00e9rtelo en un vaso de batidora.<\/li>\n<li>Agrega queso de untar (como 2 cucharadas)<\/li>\n<li>Agrega una cucharada peque\u00f1a de zumo de lim\u00f3n<\/li>\n<li>Agrega los filetes de anchoa.<\/li>\n<li>\u00a1A triturar todo y listo! (Puedes a\u00f1adir m\u00e1s lim\u00f3n a gusto)<\/li>\n<li>S\u00edrvelo en un recipiente, acompa\u00f1ador con unas tostaditas.<\/li>\n<\/ol>\n <\/div>[\/vc_column][vc_column column_padding=\u00bbno-extra-padding\u00bb column_padding_position=\u00bball\u00bb background_color_opacity=\u00bb1&#8243; background_hover_color_opacity=\u00bb1&#8243; column_link_target=\u00bb_self\u00bb column_shadow=\u00bbnone\u00bb column_border_radius=\u00bbnone\u00bb width=\u00bb1\/3&#8243; tablet_width_inherit=\u00bbdefault\u00bb tablet_text_alignment=\u00bbdefault\u00bb phone_text_alignment=\u00bbdefault\u00bb column_border_width=\u00bbnone\u00bb column_border_style=\u00bbsolid\u00bb bg_image_animation=\u00bbnone\u00bb][image_with_animation image_url=\u00bb1068&#8243; alignment=\u00bb\u00bb animation=\u00bbFade In\u00bb border_radius=\u00bbnone\u00bb box_shadow=\u00bbnone\u00bb max_width=\u00bb100%\u00bb][\/vc_column][\/vc_row][vc_row type=\u00bbin_container\u00bb full_screen_row_position=\u00bbmiddle\u00bb scene_position=\u00bbcenter\u00bb text_color=\u00bbdark\u00bb text_align=\u00bbleft\u00bb overlay_strength=\u00bb0.3&#8243; shape_divider_position=\u00bbbottom\u00bb bg_image_animation=\u00bbnone\u00bb][vc_column column_padding=\u00bbno-extra-padding\u00bb column_padding_position=\u00bball\u00bb background_color_opacity=\u00bb1&#8243; background_hover_color_opacity=\u00bb1&#8243; column_link_target=\u00bb_self\u00bb column_shadow=\u00bbnone\u00bb column_border_radius=\u00bbnone\u00bb width=\u00bb1\/1&#8243; tablet_width_inherit=\u00bbdefault\u00bb tablet_text_alignment=\u00bbdefault\u00bb phone_text_alignment=\u00bbdefault\u00bb column_border_width=\u00bbnone\u00bb column_border_style=\u00bbsolid\u00bb bg_image_animation=\u00bbnone\u00bb][divider line_type=\u00bbNo Line\u00bb custom_height=\u00bb40&#8243;][vc_column_text]\n<h2>El plato principal &#8211; cordero lechal<\/h2>\n[\/vc_column_text][vc_column_text]\u00bfPuede haber un plato principal m\u00e1s maravilloso? Desde <strong>Domiko<\/strong> lo dudamos, as\u00ed que p\u00e1sate por nuestra carnicer\u00eda y encarga ya tu pieza de cordero lechal\u2026 \u00a1ver\u00e1s que expectaci\u00f3n en la mesa![\/vc_column_text][\/vc_column][\/vc_row][vc_row type=\u00bbin_container\u00bb full_screen_row_position=\u00bbmiddle\u00bb scene_position=\u00bbcenter\u00bb text_color=\u00bbdark\u00bb text_align=\u00bbleft\u00bb overlay_strength=\u00bb0.3&#8243; shape_divider_position=\u00bbbottom\u00bb bg_image_animation=\u00bbnone\u00bb][vc_column column_padding=\u00bbno-extra-padding\u00bb column_padding_position=\u00bball\u00bb background_color_opacity=\u00bb1&#8243; background_hover_color_opacity=\u00bb1&#8243; column_link_target=\u00bb_self\u00bb column_shadow=\u00bbnone\u00bb column_border_radius=\u00bbnone\u00bb width=\u00bb1\/1&#8243; tablet_width_inherit=\u00bbdefault\u00bb tablet_text_alignment=\u00bbdefault\u00bb phone_text_alignment=\u00bbdefault\u00bb column_border_width=\u00bbnone\u00bb column_border_style=\u00bbsolid\u00bb bg_image_animation=\u00bbnone\u00bb][vc_column_text]\n<h4><b>Ingredientes<\/b><\/h4>\n[\/vc_column_text]<div class=\"nectar-fancy-ul\" data-list-icon=\"icon-salient-thin-line\" data-animation=\"false\" data-animation-delay=\"0\" data-color=\"accent-color\" data-spacing=\"default\" data-alignment=\"left\"> \n<ul>\n<li>2\/4 de cordero lechal de 1,2 kilos aproximadamente por cada uno<\/li>\n<li>Sal gorda<\/li>\n<li>1 vaso de agua<\/li>\n<\/ul>\n <\/div>[\/vc_column][\/vc_row][vc_row type=\u00bbin_container\u00bb full_screen_row_position=\u00bbmiddle\u00bb scene_position=\u00bbcenter\u00bb text_color=\u00bbdark\u00bb text_align=\u00bbleft\u00bb overlay_strength=\u00bb0.3&#8243; shape_divider_position=\u00bbbottom\u00bb bg_image_animation=\u00bbnone\u00bb][vc_column column_padding=\u00bbno-extra-padding\u00bb column_padding_position=\u00bball\u00bb background_color_opacity=\u00bb1&#8243; background_hover_color_opacity=\u00bb1&#8243; column_link_target=\u00bb_self\u00bb column_shadow=\u00bbnone\u00bb column_border_radius=\u00bbnone\u00bb width=\u00bb1\/2&#8243; tablet_width_inherit=\u00bbdefault\u00bb tablet_text_alignment=\u00bbdefault\u00bb phone_text_alignment=\u00bbdefault\u00bb column_border_width=\u00bbnone\u00bb column_border_style=\u00bbsolid\u00bb bg_image_animation=\u00bbnone\u00bb][vc_column_text]\n<h4><b>Preparaci\u00f3n<\/b><\/h4>\n[\/vc_column_text]<div class=\"nectar-fancy-ul\" data-list-icon=\"icon-salient-thin-line\" data-animation=\"false\" data-animation-delay=\"0\" data-color=\"accent-color\" data-spacing=\"default\" data-alignment=\"left\"> \n<ol>\n<li>Precalentar el horno a una temperatura alta (180 \u00ba m\u00e1s o menos, calor arriba y abajo)<\/li>\n<li>En una cazuela de barro, colocar los dos cuartos de cordero con las costillas hacia arriba.<\/li>\n<li>Salar bien con sal gorda.<\/li>\n<li>Verter un vaso de agua por encima del cordero.<\/li>\n<li>Con el horno ya listo, se mete en el horno durante una hora y 15 minutos (tiempo aproximado).<\/li>\n<li>Pasado el tiempo, se da la vuelta al cordero y:\n<ol>\n<li>Se sala de nuevo<\/li>\n<li>Se a\u00f1ade agua si es preciso<\/li>\n<\/ol>\n<\/li>\n<li>Dejarlo asar una hora m\u00e1s en el horno (tiempo aproximado) hasta que la carne vaya adquiriendo esa tonalidad dorada tan bonita y caracter\u00edstica.<\/li>\n<li>\u00a1Listo! Recomendamos servirlo en la misma cazuela de barro para que no pierda temperatura y se mantenga con su propio jugo.<\/li>\n<\/ol>\n <\/div>[\/vc_column][vc_column column_padding=\u00bbno-extra-padding\u00bb column_padding_position=\u00bball\u00bb background_color_opacity=\u00bb1&#8243; background_hover_color_opacity=\u00bb1&#8243; column_link_target=\u00bb_self\u00bb column_shadow=\u00bbnone\u00bb column_border_radius=\u00bbnone\u00bb width=\u00bb1\/2&#8243; tablet_width_inherit=\u00bbdefault\u00bb tablet_text_alignment=\u00bbdefault\u00bb phone_text_alignment=\u00bbdefault\u00bb column_border_width=\u00bbnone\u00bb column_border_style=\u00bbsolid\u00bb bg_image_animation=\u00bbnone\u00bb][image_with_animation image_url=\u00bb1070&#8243; alignment=\u00bb\u00bb animation=\u00bbFade In\u00bb border_radius=\u00bbnone\u00bb box_shadow=\u00bbnone\u00bb max_width=\u00bb100%\u00bb][\/vc_column][\/vc_row][vc_row type=\u00bbin_container\u00bb full_screen_row_position=\u00bbmiddle\u00bb scene_position=\u00bbcenter\u00bb text_color=\u00bbdark\u00bb text_align=\u00bbleft\u00bb overlay_strength=\u00bb0.3&#8243; shape_divider_position=\u00bbbottom\u00bb bg_image_animation=\u00bbnone\u00bb][vc_column column_padding=\u00bbno-extra-padding\u00bb column_padding_position=\u00bball\u00bb background_color_opacity=\u00bb1&#8243; background_hover_color_opacity=\u00bb1&#8243; column_link_target=\u00bb_self\u00bb column_shadow=\u00bbnone\u00bb column_border_radius=\u00bbnone\u00bb width=\u00bb1\/1&#8243; tablet_width_inherit=\u00bbdefault\u00bb tablet_text_alignment=\u00bbdefault\u00bb phone_text_alignment=\u00bbdefault\u00bb column_border_width=\u00bbnone\u00bb column_border_style=\u00bbsolid\u00bb bg_image_animation=\u00bbnone\u00bb][divider line_type=\u00bbNo Line\u00bb custom_height=\u00bb40&#8243;][vc_column_text]\n<h2>Postres<\/h2>\n[\/vc_column_text][\/vc_column][\/vc_row][vc_row type=\u00bbin_container\u00bb full_screen_row_position=\u00bbmiddle\u00bb scene_position=\u00bbcenter\u00bb text_color=\u00bbdark\u00bb text_align=\u00bbleft\u00bb overlay_strength=\u00bb0.3&#8243; shape_divider_position=\u00bbbottom\u00bb bg_image_animation=\u00bbnone\u00bb][vc_column column_padding=\u00bbno-extra-padding\u00bb column_padding_position=\u00bball\u00bb background_color_opacity=\u00bb1&#8243; background_hover_color_opacity=\u00bb1&#8243; column_link_target=\u00bb_self\u00bb column_shadow=\u00bbnone\u00bb column_border_radius=\u00bbnone\u00bb width=\u00bb1\/2&#8243; tablet_width_inherit=\u00bbdefault\u00bb tablet_text_alignment=\u00bbdefault\u00bb phone_text_alignment=\u00bbdefault\u00bb column_border_width=\u00bbnone\u00bb column_border_style=\u00bbsolid\u00bb bg_image_animation=\u00bbnone\u00bb][vc_column_text]\n<h3>Queso Domiko<\/h3>\n[\/vc_column_text][vc_column_text]Para finalizar y poner el broche de oro a tal despliegue gastron\u00f3mico, nada como unos buenos trozos de<a href=\"https:\/\/domiko.com\/conoce-el-queso-idiazabal-de-domiko-sus-propiedades-y-como-disfrutarlo\/\"><strong> queso artesano Domiko<\/strong> <\/a>perteneciente a nuestras propias ovejas. \u00a1Qu\u00e9 delicia junto a un buen membrillo y a un buen pu\u00f1ado de nueces![\/vc_column_text][image_with_animation image_url=\u00bb1030&#8243; alignment=\u00bb\u00bb animation=\u00bbFade In\u00bb border_radius=\u00bbnone\u00bb box_shadow=\u00bbnone\u00bb max_width=\u00bb100%\u00bb][\/vc_column][vc_column column_padding=\u00bbno-extra-padding\u00bb column_padding_position=\u00bball\u00bb background_color_opacity=\u00bb1&#8243; background_hover_color_opacity=\u00bb1&#8243; column_link_target=\u00bb_self\u00bb column_shadow=\u00bbnone\u00bb column_border_radius=\u00bbnone\u00bb width=\u00bb1\/2&#8243; tablet_width_inherit=\u00bbdefault\u00bb tablet_text_alignment=\u00bbdefault\u00bb phone_text_alignment=\u00bbdefault\u00bb column_border_width=\u00bbnone\u00bb column_border_style=\u00bbsolid\u00bb bg_image_animation=\u00bbnone\u00bb][vc_column_text]\n<h3>Dulces<\/h3>\n[\/vc_column_text][vc_column_text]Tan s\u00f3lo te quedar\u00e1 colocar junto a las Flores de Pascua unas tabletas de turr\u00f3n variado. El de chocolate ser\u00e1 todo un \u00e9xito entre los m\u00e1s peques. Para los mayores, uno de almendras, unas yemas o unos polvorones. \u00a1Seguro que ser\u00e1 todo un \u00e9xito!.[\/vc_column_text][image_with_animation image_url=\u00bb1154&#8243; alignment=\u00bb\u00bb animation=\u00bbFade In\u00bb border_radius=\u00bbnone\u00bb box_shadow=\u00bbnone\u00bb max_width=\u00bb100%\u00bb][\/vc_column][\/vc_row][vc_row type=\u00bbin_container\u00bb full_screen_row_position=\u00bbmiddle\u00bb scene_position=\u00bbcenter\u00bb text_color=\u00bbdark\u00bb text_align=\u00bbleft\u00bb overlay_strength=\u00bb0.3&#8243; shape_divider_position=\u00bbbottom\u00bb bg_image_animation=\u00bbnone\u00bb][vc_column column_padding=\u00bbno-extra-padding\u00bb column_padding_position=\u00bball\u00bb background_color_opacity=\u00bb1&#8243; background_hover_color_opacity=\u00bb1&#8243; column_link_target=\u00bb_self\u00bb column_shadow=\u00bbnone\u00bb column_border_radius=\u00bbnone\u00bb width=\u00bb1\/1&#8243; tablet_width_inherit=\u00bbdefault\u00bb tablet_text_alignment=\u00bbdefault\u00bb phone_text_alignment=\u00bbdefault\u00bb column_border_width=\u00bbnone\u00bb column_border_style=\u00bbsolid\u00bb bg_image_animation=\u00bbnone\u00bb][vc_column_text]Ahora que tienes el men\u00fa hecho, solo queda disfrutar de la compa\u00f1\u00eda de familiares y amigo. Por nuestra parte, nos despedimos hasta que te veamos por aqu\u00ed comprando los ingredientes para tu men\u00fa navide\u00f1o. Y sobre todo, deseamos que estos d\u00edas sean m\u00e1gicos e inolvidables en la mejor compa\u00f1\u00eda.[\/vc_column_text][\/vc_column][\/vc_row][vc_row type=\u00bbin_container\u00bb full_screen_row_position=\u00bbmiddle\u00bb scene_position=\u00bbcenter\u00bb text_color=\u00bbdark\u00bb text_align=\u00bbleft\u00bb overlay_strength=\u00bb0.3&#8243; shape_divider_position=\u00bbbottom\u00bb bg_image_animation=\u00bbnone\u00bb][vc_column column_padding=\u00bbno-extra-padding\u00bb column_padding_position=\u00bball\u00bb background_color_opacity=\u00bb1&#8243; background_hover_color_opacity=\u00bb1&#8243; column_link_target=\u00bb_self\u00bb column_shadow=\u00bbnone\u00bb column_border_radius=\u00bbnone\u00bb width=\u00bb1\/1&#8243; tablet_width_inherit=\u00bbdefault\u00bb tablet_text_alignment=\u00bbdefault\u00bb phone_text_alignment=\u00bbdefault\u00bb column_border_width=\u00bbnone\u00bb column_border_style=\u00bbsolid\u00bb bg_image_animation=\u00bbnone\u00bb][vc_column_text]\n<h4 style=\"text-align: center;\"><b>Gracias por seguir aqu\u00ed y por tu confianza. Siempre. Zorionak!<\/b><\/h4>\n[\/vc_column_text][\/vc_column][\/vc_row]\n","protected":false},"excerpt":{"rendered":"<p>[vc_row type=\u00bbin_container\u00bb full_screen_row_position=\u00bbmiddle\u00bb scene_position=\u00bbcenter\u00bb text_color=\u00bbdark\u00bb text_align=\u00bbleft\u00bb overlay_strength=\u00bb0.3&#8243; shape_divider_position=\u00bbbottom\u00bb bg_image_animation=\u00bbnone\u00bb][vc_column column_padding=\u00bbno-extra-padding\u00bb column_padding_position=\u00bball\u00bb background_color_opacity=\u00bb1&#8243; background_hover_color_opacity=\u00bb1&#8243; column_link_target=\u00bb_self\u00bb column_shadow=\u00bbnone\u00bb column_border_radius=\u00bbnone\u00bb width=\u00bb1\/1&#8243; tablet_width_inherit=\u00bbdefault\u00bb tablet_text_alignment=\u00bbdefault\u00bb phone_text_alignment=\u00bbdefault\u00bb column_border_width=\u00bbnone\u00bb column_border_style=\u00bbsolid\u00bb bg_image_animation=\u00bbnone\u00bb][vc_column_text] \u00a0Entrantes, plato principal y postre.\u00a0 [\/vc_column_text][\/vc_column][\/vc_row][vc_row type=\u00bbin_container\u00bb&#8230;<\/p>\n","protected":false},"author":3,"featured_media":1065,"comment_status":"closed","ping_status":"closed","sticky":false,"template":"","format":"standard","meta":{"_acf_changed":false,"footnotes":""},"categories":[18,19],"tags":[199,323,203,321,319,325,305,309,317,65,209],"class_list":{"0":"post-1060","1":"post","2":"type-post","3":"status-publish","4":"format-standard","5":"has-post-thumbnail","7":"category-consejos","8":"category-recetas","9":"tag-consejos","10":"tag-cordero-lechal","11":"tag-domiko","12":"tag-menu","13":"tag-navidad","14":"tag-pate","15":"tag-queso","16":"tag-queso-domiko","17":"tag-queso-vasco","18":"tag-receta","19":"tag-zarautz"},"acf":[],"yoast_head":"<!-- This site is optimized with the Yoast SEO plugin v27.2 - https:\/\/yoast.com\/product\/yoast-seo-wordpress\/ -->\n<title>Men\u00fa de Navidad Domiko - Domiko<\/title>\n<meta name=\"description\" content=\"Te proponemos una serie de ideas para que tu men\u00fa de Navidad enamore a todos los comensales. \u00bfAlgo tradicional pero con un toque innovador? \u00a1Toma nota!\" \/>\n<meta name=\"robots\" content=\"index, follow, max-snippet:-1, max-image-preview:large, max-video-preview:-1\" \/>\n<link rel=\"canonical\" href=\"https:\/\/domiko.com\/es\/menu-navidad-domiko\/\" \/>\n<meta property=\"og:locale\" content=\"es_ES\" \/>\n<meta property=\"og:type\" content=\"article\" \/>\n<meta property=\"og:title\" content=\"Men\u00fa Navide\u00f1o Domiko\" \/>\n<meta property=\"og:description\" content=\"Te proponemos una serie de ideas para que tu men\u00fa de Navidad enamore a todos los comensales. \u00bfAlgo tradicional pero con un toque innovador? \u00a1Toma nota!\" \/>\n<meta property=\"og:url\" content=\"https:\/\/domiko.com\/es\/menu-navidad-domiko\/\" \/>\n<meta property=\"og:site_name\" content=\"Domiko\" \/>\n<meta property=\"article:publisher\" content=\"https:\/\/www.facebook.com\/domikozarautz\/\" \/>\n<meta property=\"article:published_time\" content=\"2019-12-11T09:00:11+00:00\" \/>\n<meta property=\"article:modified_time\" content=\"2019-12-19T09:55:53+00:00\" \/>\n<meta property=\"og:image\" content=\"https:\/\/domiko.com\/wp-content\/uploads\/2019\/12\/blur-bokeh-candle-christmas-decoration-196648-scaled.jpg\" \/>\n\t<meta property=\"og:image:width\" content=\"2560\" \/>\n\t<meta property=\"og:image:height\" content=\"1707\" \/>\n\t<meta property=\"og:image:type\" content=\"image\/jpeg\" \/>\n<meta name=\"author\" content=\"Domiko\" \/>\n<meta name=\"twitter:card\" content=\"summary_large_image\" \/>\n<meta name=\"twitter:title\" content=\"Men\u00fa Navide\u00f1o Domiko\" \/>\n<meta name=\"twitter:description\" content=\"Te proponemos una serie de ideas para que tu men\u00fa de Navidad enamore a todos los comensales. \u00bfAlgo tradicional pero con un toque innovador? \u00a1Toma nota!\" \/>\n<meta name=\"twitter:label1\" content=\"Escrito por\" \/>\n\t<meta name=\"twitter:data1\" content=\"Domiko\" \/>\n\t<meta name=\"twitter:label2\" content=\"Tiempo de lectura\" \/>\n\t<meta name=\"twitter:data2\" content=\"13 minutos\" \/>\n<script type=\"application\/ld+json\" class=\"yoast-schema-graph\">{\"@context\":\"https:\/\/schema.org\",\"@graph\":[{\"@type\":\"Article\",\"@id\":\"https:\/\/domiko.com\/es\/menu-navidad-domiko\/#article\",\"isPartOf\":{\"@id\":\"https:\/\/domiko.com\/es\/menu-navidad-domiko\/\"},\"author\":{\"name\":\"Domiko\",\"@id\":\"https:\/\/domiko.com\/es\/#\/schema\/person\/ab6c3e731e2ae59e944f845f27a34879\"},\"headline\":\"Men\u00fa de Navidad Domiko\",\"datePublished\":\"2019-12-11T09:00:11+00:00\",\"dateModified\":\"2019-12-19T09:55:53+00:00\",\"mainEntityOfPage\":{\"@id\":\"https:\/\/domiko.com\/es\/menu-navidad-domiko\/\"},\"wordCount\":2673,\"publisher\":{\"@id\":\"https:\/\/domiko.com\/es\/#organization\"},\"image\":{\"@id\":\"https:\/\/domiko.com\/es\/menu-navidad-domiko\/#primaryimage\"},\"thumbnailUrl\":\"https:\/\/domiko.com\/wp-content\/uploads\/2019\/12\/blur-bokeh-candle-christmas-decoration-196648-scaled.jpg\",\"keywords\":[\"consejos\",\"cordero lechal\",\"domiko\",\"menu\",\"navidad\",\"pat\u00e9\",\"Queso\",\"Queso domiko\",\"Queso vasco\",\"receta\",\"zarautz\"],\"articleSection\":[\"Consejos\",\"Recetas\"],\"inLanguage\":\"es\"},{\"@type\":\"WebPage\",\"@id\":\"https:\/\/domiko.com\/es\/menu-navidad-domiko\/\",\"url\":\"https:\/\/domiko.com\/es\/menu-navidad-domiko\/\",\"name\":\"Men\u00fa de Navidad Domiko - Domiko\",\"isPartOf\":{\"@id\":\"https:\/\/domiko.com\/es\/#website\"},\"primaryImageOfPage\":{\"@id\":\"https:\/\/domiko.com\/es\/menu-navidad-domiko\/#primaryimage\"},\"image\":{\"@id\":\"https:\/\/domiko.com\/es\/menu-navidad-domiko\/#primaryimage\"},\"thumbnailUrl\":\"https:\/\/domiko.com\/wp-content\/uploads\/2019\/12\/blur-bokeh-candle-christmas-decoration-196648-scaled.jpg\",\"datePublished\":\"2019-12-11T09:00:11+00:00\",\"dateModified\":\"2019-12-19T09:55:53+00:00\",\"description\":\"Te proponemos una serie de ideas para que tu men\u00fa de Navidad enamore a todos los comensales. \u00bfAlgo tradicional pero con un toque innovador? \u00a1Toma nota!\",\"breadcrumb\":{\"@id\":\"https:\/\/domiko.com\/es\/menu-navidad-domiko\/#breadcrumb\"},\"inLanguage\":\"es\",\"potentialAction\":[{\"@type\":\"ReadAction\",\"target\":[\"https:\/\/domiko.com\/es\/menu-navidad-domiko\/\"]}]},{\"@type\":\"ImageObject\",\"inLanguage\":\"es\",\"@id\":\"https:\/\/domiko.com\/es\/menu-navidad-domiko\/#primaryimage\",\"url\":\"https:\/\/domiko.com\/wp-content\/uploads\/2019\/12\/blur-bokeh-candle-christmas-decoration-196648-scaled.jpg\",\"contentUrl\":\"https:\/\/domiko.com\/wp-content\/uploads\/2019\/12\/blur-bokeh-candle-christmas-decoration-196648-scaled.jpg\",\"width\":2560,\"height\":1707,\"caption\":\"Men\u00fa navidad\"},{\"@type\":\"BreadcrumbList\",\"@id\":\"https:\/\/domiko.com\/es\/menu-navidad-domiko\/#breadcrumb\",\"itemListElement\":[{\"@type\":\"ListItem\",\"position\":1,\"name\":\"Home\",\"item\":\"https:\/\/domiko.com\/es\/\"},{\"@type\":\"ListItem\",\"position\":2,\"name\":\"Men\u00fa de Navidad Domiko\"}]},{\"@type\":\"WebSite\",\"@id\":\"https:\/\/domiko.com\/es\/#website\",\"url\":\"https:\/\/domiko.com\/es\/\",\"name\":\"Domiko\",\"description\":\"\",\"publisher\":{\"@id\":\"https:\/\/domiko.com\/es\/#organization\"},\"potentialAction\":[{\"@type\":\"SearchAction\",\"target\":{\"@type\":\"EntryPoint\",\"urlTemplate\":\"https:\/\/domiko.com\/es\/?s={search_term_string}\"},\"query-input\":{\"@type\":\"PropertyValueSpecification\",\"valueRequired\":true,\"valueName\":\"search_term_string\"}}],\"inLanguage\":\"es\"},{\"@type\":\"Organization\",\"@id\":\"https:\/\/domiko.com\/es\/#organization\",\"name\":\"Domiko\",\"url\":\"https:\/\/domiko.com\/es\/\",\"logo\":{\"@type\":\"ImageObject\",\"inLanguage\":\"es\",\"@id\":\"https:\/\/domiko.com\/es\/#\/schema\/logo\/image\/\",\"url\":\"https:\/\/domiko.com\/wp-content\/uploads\/2019\/01\/DOMIKO_LogoPrincipal_vert-1.png\",\"contentUrl\":\"https:\/\/domiko.com\/wp-content\/uploads\/2019\/01\/DOMIKO_LogoPrincipal_vert-1.png\",\"width\":800,\"height\":1045,\"caption\":\"Domiko\"},\"image\":{\"@id\":\"https:\/\/domiko.com\/es\/#\/schema\/logo\/image\/\"},\"sameAs\":[\"https:\/\/www.facebook.com\/domikozarautz\/\",\"https:\/\/instagram.com\/domikozarautz\/\"]},{\"@type\":\"Person\",\"@id\":\"https:\/\/domiko.com\/es\/#\/schema\/person\/ab6c3e731e2ae59e944f845f27a34879\",\"name\":\"Domiko\",\"image\":{\"@type\":\"ImageObject\",\"inLanguage\":\"es\",\"@id\":\"https:\/\/secure.gravatar.com\/avatar\/8d3c6dc5bde32295dc0c7099d9b38f71e5de1a2d5e03163731b4c4cc5d634dea?s=96&d=mm&r=g\",\"url\":\"https:\/\/secure.gravatar.com\/avatar\/8d3c6dc5bde32295dc0c7099d9b38f71e5de1a2d5e03163731b4c4cc5d634dea?s=96&d=mm&r=g\",\"contentUrl\":\"https:\/\/secure.gravatar.com\/avatar\/8d3c6dc5bde32295dc0c7099d9b38f71e5de1a2d5e03163731b4c4cc5d634dea?s=96&d=mm&r=g\",\"caption\":\"Domiko\"}}]}<\/script>\n<!-- \/ Yoast SEO plugin. -->","yoast_head_json":{"title":"Men\u00fa de Navidad Domiko - Domiko","description":"Te proponemos una serie de ideas para que tu men\u00fa de Navidad enamore a todos los comensales. \u00bfAlgo tradicional pero con un toque innovador? \u00a1Toma nota!","robots":{"index":"index","follow":"follow","max-snippet":"max-snippet:-1","max-image-preview":"max-image-preview:large","max-video-preview":"max-video-preview:-1"},"canonical":"https:\/\/domiko.com\/es\/menu-navidad-domiko\/","og_locale":"es_ES","og_type":"article","og_title":"Men\u00fa Navide\u00f1o Domiko","og_description":"Te proponemos una serie de ideas para que tu men\u00fa de Navidad enamore a todos los comensales. \u00bfAlgo tradicional pero con un toque innovador? \u00a1Toma nota!","og_url":"https:\/\/domiko.com\/es\/menu-navidad-domiko\/","og_site_name":"Domiko","article_publisher":"https:\/\/www.facebook.com\/domikozarautz\/","article_published_time":"2019-12-11T09:00:11+00:00","article_modified_time":"2019-12-19T09:55:53+00:00","og_image":[{"width":2560,"height":1707,"url":"https:\/\/domiko.com\/wp-content\/uploads\/2019\/12\/blur-bokeh-candle-christmas-decoration-196648-scaled.jpg","type":"image\/jpeg"}],"author":"Domiko","twitter_card":"summary_large_image","twitter_title":"Men\u00fa Navide\u00f1o Domiko","twitter_description":"Te proponemos una serie de ideas para que tu men\u00fa de Navidad enamore a todos los comensales. \u00bfAlgo tradicional pero con un toque innovador? \u00a1Toma nota!","twitter_misc":{"Escrito por":"Domiko","Tiempo de lectura":"13 minutos"},"schema":{"@context":"https:\/\/schema.org","@graph":[{"@type":"Article","@id":"https:\/\/domiko.com\/es\/menu-navidad-domiko\/#article","isPartOf":{"@id":"https:\/\/domiko.com\/es\/menu-navidad-domiko\/"},"author":{"name":"Domiko","@id":"https:\/\/domiko.com\/es\/#\/schema\/person\/ab6c3e731e2ae59e944f845f27a34879"},"headline":"Men\u00fa de Navidad Domiko","datePublished":"2019-12-11T09:00:11+00:00","dateModified":"2019-12-19T09:55:53+00:00","mainEntityOfPage":{"@id":"https:\/\/domiko.com\/es\/menu-navidad-domiko\/"},"wordCount":2673,"publisher":{"@id":"https:\/\/domiko.com\/es\/#organization"},"image":{"@id":"https:\/\/domiko.com\/es\/menu-navidad-domiko\/#primaryimage"},"thumbnailUrl":"https:\/\/domiko.com\/wp-content\/uploads\/2019\/12\/blur-bokeh-candle-christmas-decoration-196648-scaled.jpg","keywords":["consejos","cordero lechal","domiko","menu","navidad","pat\u00e9","Queso","Queso domiko","Queso vasco","receta","zarautz"],"articleSection":["Consejos","Recetas"],"inLanguage":"es"},{"@type":"WebPage","@id":"https:\/\/domiko.com\/es\/menu-navidad-domiko\/","url":"https:\/\/domiko.com\/es\/menu-navidad-domiko\/","name":"Men\u00fa de Navidad Domiko - Domiko","isPartOf":{"@id":"https:\/\/domiko.com\/es\/#website"},"primaryImageOfPage":{"@id":"https:\/\/domiko.com\/es\/menu-navidad-domiko\/#primaryimage"},"image":{"@id":"https:\/\/domiko.com\/es\/menu-navidad-domiko\/#primaryimage"},"thumbnailUrl":"https:\/\/domiko.com\/wp-content\/uploads\/2019\/12\/blur-bokeh-candle-christmas-decoration-196648-scaled.jpg","datePublished":"2019-12-11T09:00:11+00:00","dateModified":"2019-12-19T09:55:53+00:00","description":"Te proponemos una serie de ideas para que tu men\u00fa de Navidad enamore a todos los comensales. \u00bfAlgo tradicional pero con un toque innovador? \u00a1Toma nota!","breadcrumb":{"@id":"https:\/\/domiko.com\/es\/menu-navidad-domiko\/#breadcrumb"},"inLanguage":"es","potentialAction":[{"@type":"ReadAction","target":["https:\/\/domiko.com\/es\/menu-navidad-domiko\/"]}]},{"@type":"ImageObject","inLanguage":"es","@id":"https:\/\/domiko.com\/es\/menu-navidad-domiko\/#primaryimage","url":"https:\/\/domiko.com\/wp-content\/uploads\/2019\/12\/blur-bokeh-candle-christmas-decoration-196648-scaled.jpg","contentUrl":"https:\/\/domiko.com\/wp-content\/uploads\/2019\/12\/blur-bokeh-candle-christmas-decoration-196648-scaled.jpg","width":2560,"height":1707,"caption":"Men\u00fa navidad"},{"@type":"BreadcrumbList","@id":"https:\/\/domiko.com\/es\/menu-navidad-domiko\/#breadcrumb","itemListElement":[{"@type":"ListItem","position":1,"name":"Home","item":"https:\/\/domiko.com\/es\/"},{"@type":"ListItem","position":2,"name":"Men\u00fa de Navidad Domiko"}]},{"@type":"WebSite","@id":"https:\/\/domiko.com\/es\/#website","url":"https:\/\/domiko.com\/es\/","name":"Domiko","description":"","publisher":{"@id":"https:\/\/domiko.com\/es\/#organization"},"potentialAction":[{"@type":"SearchAction","target":{"@type":"EntryPoint","urlTemplate":"https:\/\/domiko.com\/es\/?s={search_term_string}"},"query-input":{"@type":"PropertyValueSpecification","valueRequired":true,"valueName":"search_term_string"}}],"inLanguage":"es"},{"@type":"Organization","@id":"https:\/\/domiko.com\/es\/#organization","name":"Domiko","url":"https:\/\/domiko.com\/es\/","logo":{"@type":"ImageObject","inLanguage":"es","@id":"https:\/\/domiko.com\/es\/#\/schema\/logo\/image\/","url":"https:\/\/domiko.com\/wp-content\/uploads\/2019\/01\/DOMIKO_LogoPrincipal_vert-1.png","contentUrl":"https:\/\/domiko.com\/wp-content\/uploads\/2019\/01\/DOMIKO_LogoPrincipal_vert-1.png","width":800,"height":1045,"caption":"Domiko"},"image":{"@id":"https:\/\/domiko.com\/es\/#\/schema\/logo\/image\/"},"sameAs":["https:\/\/www.facebook.com\/domikozarautz\/","https:\/\/instagram.com\/domikozarautz\/"]},{"@type":"Person","@id":"https:\/\/domiko.com\/es\/#\/schema\/person\/ab6c3e731e2ae59e944f845f27a34879","name":"Domiko","image":{"@type":"ImageObject","inLanguage":"es","@id":"https:\/\/secure.gravatar.com\/avatar\/8d3c6dc5bde32295dc0c7099d9b38f71e5de1a2d5e03163731b4c4cc5d634dea?s=96&d=mm&r=g","url":"https:\/\/secure.gravatar.com\/avatar\/8d3c6dc5bde32295dc0c7099d9b38f71e5de1a2d5e03163731b4c4cc5d634dea?s=96&d=mm&r=g","contentUrl":"https:\/\/secure.gravatar.com\/avatar\/8d3c6dc5bde32295dc0c7099d9b38f71e5de1a2d5e03163731b4c4cc5d634dea?s=96&d=mm&r=g","caption":"Domiko"}}]}},"_links":{"self":[{"href":"https:\/\/domiko.com\/es\/wp-json\/wp\/v2\/posts\/1060","targetHints":{"allow":["GET"]}}],"collection":[{"href":"https:\/\/domiko.com\/es\/wp-json\/wp\/v2\/posts"}],"about":[{"href":"https:\/\/domiko.com\/es\/wp-json\/wp\/v2\/types\/post"}],"author":[{"embeddable":true,"href":"https:\/\/domiko.com\/es\/wp-json\/wp\/v2\/users\/3"}],"replies":[{"embeddable":true,"href":"https:\/\/domiko.com\/es\/wp-json\/wp\/v2\/comments?post=1060"}],"version-history":[{"count":24,"href":"https:\/\/domiko.com\/es\/wp-json\/wp\/v2\/posts\/1060\/revisions"}],"predecessor-version":[{"id":1163,"href":"https:\/\/domiko.com\/es\/wp-json\/wp\/v2\/posts\/1060\/revisions\/1163"}],"wp:featuredmedia":[{"embeddable":true,"href":"https:\/\/domiko.com\/es\/wp-json\/wp\/v2\/media\/1065"}],"wp:attachment":[{"href":"https:\/\/domiko.com\/es\/wp-json\/wp\/v2\/media?parent=1060"}],"wp:term":[{"taxonomy":"category","embeddable":true,"href":"https:\/\/domiko.com\/es\/wp-json\/wp\/v2\/categories?post=1060"},{"taxonomy":"post_tag","embeddable":true,"href":"https:\/\/domiko.com\/es\/wp-json\/wp\/v2\/tags?post=1060"}],"curies":[{"name":"wp","href":"https:\/\/api.w.org\/{rel}","templated":true}]}}