
{"id":1236,"date":"2020-01-22T10:30:08","date_gmt":"2020-01-22T09:30:08","guid":{"rendered":"https:\/\/domiko.com\/?p=1236"},"modified":"2020-01-15T10:50:08","modified_gmt":"2020-01-15T09:50:08","slug":"atun-y-bonito-domiko-propiedades-y-como-disfrutarlo","status":"publish","type":"post","link":"https:\/\/domiko.com\/es\/atun-y-bonito-domiko-propiedades-y-como-disfrutarlo\/","title":{"rendered":"At\u00fan y Bonito Domiko: propiedades y c\u00f3mo disfrutarlo"},"content":{"rendered":"[vc_row type=\u00bbin_container\u00bb full_screen_row_position=\u00bbmiddle\u00bb scene_position=\u00bbcenter\u00bb text_color=\u00bbdark\u00bb text_align=\u00bbleft\u00bb overlay_strength=\u00bb0.3&#8243; shape_divider_position=\u00bbbottom\u00bb bg_image_animation=\u00bbnone\u00bb][vc_column column_padding=\u00bbno-extra-padding\u00bb column_padding_position=\u00bball\u00bb background_color_opacity=\u00bb1&#8243; background_hover_color_opacity=\u00bb1&#8243; column_link_target=\u00bb_self\u00bb column_shadow=\u00bbnone\u00bb column_border_radius=\u00bbnone\u00bb width=\u00bb1\/1&#8243; tablet_width_inherit=\u00bbdefault\u00bb tablet_text_alignment=\u00bbdefault\u00bb phone_text_alignment=\u00bbdefault\u00bb column_border_width=\u00bbnone\u00bb column_border_style=\u00bbsolid\u00bb bg_image_animation=\u00bbnone\u00bb][vc_column_text]\n<h2 style=\"text-align: left;\">Conservas Domiko<\/h2>\n[\/vc_column_text][\/vc_column][\/vc_row][vc_row type=\u00bbin_container\u00bb full_screen_row_position=\u00bbmiddle\u00bb scene_position=\u00bbcenter\u00bb text_color=\u00bbdark\u00bb text_align=\u00bbleft\u00bb overlay_strength=\u00bb0.3&#8243; shape_divider_position=\u00bbbottom\u00bb bg_image_animation=\u00bbnone\u00bb][vc_column column_padding=\u00bbno-extra-padding\u00bb column_padding_position=\u00bball\u00bb background_color_opacity=\u00bb1&#8243; background_hover_color_opacity=\u00bb1&#8243; column_link_target=\u00bb_self\u00bb column_shadow=\u00bbnone\u00bb column_border_radius=\u00bbnone\u00bb width=\u00bb1\/1&#8243; tablet_width_inherit=\u00bbdefault\u00bb tablet_text_alignment=\u00bbdefault\u00bb phone_text_alignment=\u00bbdefault\u00bb column_border_width=\u00bbnone\u00bb column_border_style=\u00bbsolid\u00bb bg_image_animation=\u00bbnone\u00bb][vc_column_text]En <strong>Domiko<\/strong>, volvemos una vez m\u00e1s para hablarte de dos de nuestros productos estrella: <strong>el at\u00fan y el bonito.<\/strong>[\/vc_column_text][\/vc_column][\/vc_row][vc_row type=\u00bbin_container\u00bb full_screen_row_position=\u00bbmiddle\u00bb scene_position=\u00bbcenter\u00bb text_color=\u00bbdark\u00bb text_align=\u00bbleft\u00bb overlay_strength=\u00bb0.3&#8243; shape_divider_position=\u00bbbottom\u00bb bg_image_animation=\u00bbnone\u00bb][vc_column column_padding=\u00bbno-extra-padding\u00bb column_padding_position=\u00bball\u00bb background_color_opacity=\u00bb1&#8243; background_hover_color_opacity=\u00bb1&#8243; column_link_target=\u00bb_self\u00bb column_shadow=\u00bbnone\u00bb column_border_radius=\u00bbnone\u00bb width=\u00bb1\/1&#8243; tablet_width_inherit=\u00bbdefault\u00bb tablet_text_alignment=\u00bbdefault\u00bb phone_text_alignment=\u00bbdefault\u00bb column_border_width=\u00bbnone\u00bb column_border_style=\u00bbsolid\u00bb bg_image_animation=\u00bbnone\u00bb][vc_column_text]\n<h3>Origen<\/h3>\n[\/vc_column_text][\/vc_column][\/vc_row][vc_row type=\u00bbin_container\u00bb full_screen_row_position=\u00bbmiddle\u00bb scene_position=\u00bbcenter\u00bb text_color=\u00bbdark\u00bb text_align=\u00bbleft\u00bb overlay_strength=\u00bb0.3&#8243; shape_divider_position=\u00bbbottom\u00bb bg_image_animation=\u00bbnone\u00bb][vc_column column_padding=\u00bbno-extra-padding\u00bb column_padding_position=\u00bball\u00bb background_color_opacity=\u00bb1&#8243; background_hover_color_opacity=\u00bb1&#8243; column_link_target=\u00bb_self\u00bb column_shadow=\u00bbnone\u00bb column_border_radius=\u00bbnone\u00bb width=\u00bb1\/1&#8243; tablet_width_inherit=\u00bbdefault\u00bb tablet_text_alignment=\u00bbdefault\u00bb phone_text_alignment=\u00bbdefault\u00bb column_border_width=\u00bbnone\u00bb column_border_style=\u00bbsolid\u00bb bg_image_animation=\u00bbnone\u00bb][vc_column_text]Y es que como nuestras conservas, ningunas. De origen <strong>Ler\u00edn<\/strong>, en <strong>Navarra<\/strong>, tanto las vegetales como nuestros encurtidos y productos del mar son completamente aut\u00f3ctonos y con una tradici\u00f3n a sus espaldas que se remonta al a\u00f1o <strong>1930<\/strong>, donde la experiencia de esta gran empresa familiar sigue dejando a d\u00eda de hoy un legado absolutamente intachable.[\/vc_column_text][\/vc_column][\/vc_row][vc_row type=\u00bbin_container\u00bb full_screen_row_position=\u00bbmiddle\u00bb scene_position=\u00bbcenter\u00bb text_color=\u00bbdark\u00bb text_align=\u00bbleft\u00bb overlay_strength=\u00bb0.3&#8243; shape_divider_position=\u00bbbottom\u00bb bg_image_animation=\u00bbnone\u00bb][vc_column column_padding=\u00bbno-extra-padding\u00bb column_padding_position=\u00bball\u00bb background_color_opacity=\u00bb1&#8243; background_hover_color_opacity=\u00bb1&#8243; column_link_target=\u00bb_self\u00bb column_shadow=\u00bbnone\u00bb column_border_radius=\u00bbnone\u00bb width=\u00bb1\/1&#8243; tablet_width_inherit=\u00bbdefault\u00bb tablet_text_alignment=\u00bbdefault\u00bb phone_text_alignment=\u00bbdefault\u00bb column_border_width=\u00bbnone\u00bb column_border_style=\u00bbsolid\u00bb bg_image_animation=\u00bbnone\u00bb][vc_column_text]\n<h3>Elaboraci\u00f3n<\/h3>\n[\/vc_column_text][\/vc_column][\/vc_row][vc_row type=\u00bbin_container\u00bb full_screen_row_position=\u00bbmiddle\u00bb scene_position=\u00bbcenter\u00bb text_color=\u00bbdark\u00bb text_align=\u00bbleft\u00bb overlay_strength=\u00bb0.3&#8243; shape_divider_position=\u00bbbottom\u00bb bg_image_animation=\u00bbnone\u00bb][vc_column column_padding=\u00bbno-extra-padding\u00bb column_padding_position=\u00bball\u00bb background_color_opacity=\u00bb1&#8243; background_hover_color_opacity=\u00bb1&#8243; column_link_target=\u00bb_self\u00bb column_shadow=\u00bbnone\u00bb column_border_radius=\u00bbnone\u00bb width=\u00bb1\/1&#8243; tablet_width_inherit=\u00bbdefault\u00bb tablet_text_alignment=\u00bbdefault\u00bb phone_text_alignment=\u00bbdefault\u00bb column_border_width=\u00bbnone\u00bb column_border_style=\u00bbsolid\u00bb bg_image_animation=\u00bbnone\u00bb][vc_column_text]De elaboraci\u00f3n artesanal y natural, la calidad de cada producto es indiscutible y el resultado hasta nuestros hogares no pod\u00eda ser m\u00e1s \u00f3ptimo, algo que, sigue dando lugar a la base de cualquier alimentaci\u00f3n sana que se precie.[\/vc_column_text][\/vc_column][\/vc_row][vc_row type=\u00bbin_container\u00bb full_screen_row_position=\u00bbmiddle\u00bb scene_position=\u00bbcenter\u00bb text_color=\u00bbdark\u00bb text_align=\u00bbleft\u00bb overlay_strength=\u00bb0.3&#8243; shape_divider_position=\u00bbbottom\u00bb bg_image_animation=\u00bbnone\u00bb][vc_column column_padding=\u00bbno-extra-padding\u00bb column_padding_position=\u00bball\u00bb background_color_opacity=\u00bb1&#8243; background_hover_color_opacity=\u00bb1&#8243; column_link_target=\u00bb_self\u00bb column_shadow=\u00bbnone\u00bb column_border_radius=\u00bbnone\u00bb width=\u00bb1\/1&#8243; tablet_width_inherit=\u00bbdefault\u00bb tablet_text_alignment=\u00bbdefault\u00bb phone_text_alignment=\u00bbdefault\u00bb column_border_width=\u00bbnone\u00bb column_border_style=\u00bbsolid\u00bb bg_image_animation=\u00bbnone\u00bb][vc_column_text]Pero, \u00bfy respecto al at\u00fan y al bonito? Veamos antes sus principales caracter\u00edsticas, que no son pocas.[\/vc_column_text][\/vc_column][\/vc_row][vc_row type=\u00bbin_container\u00bb full_screen_row_position=\u00bbmiddle\u00bb scene_position=\u00bbcenter\u00bb text_color=\u00bbdark\u00bb text_align=\u00bbleft\u00bb overlay_strength=\u00bb0.3&#8243; shape_divider_position=\u00bbbottom\u00bb bg_image_animation=\u00bbnone\u00bb][vc_column column_padding=\u00bbno-extra-padding\u00bb column_padding_position=\u00bball\u00bb background_color_opacity=\u00bb1&#8243; background_hover_color_opacity=\u00bb1&#8243; column_link_target=\u00bb_self\u00bb column_shadow=\u00bbnone\u00bb column_border_radius=\u00bbnone\u00bb width=\u00bb1\/1&#8243; tablet_width_inherit=\u00bbdefault\u00bb tablet_text_alignment=\u00bbdefault\u00bb phone_text_alignment=\u00bbdefault\u00bb column_border_width=\u00bbnone\u00bb column_border_style=\u00bbsolid\u00bb bg_image_animation=\u00bbnone\u00bb][vc_column_text]\n<h2 style=\"text-align: left;\">At\u00fan vs Bonito<\/h2>\n[\/vc_column_text][\/vc_column][\/vc_row][vc_row type=\u00bbin_container\u00bb full_screen_row_position=\u00bbmiddle\u00bb scene_position=\u00bbcenter\u00bb text_color=\u00bbdark\u00bb text_align=\u00bbleft\u00bb overlay_strength=\u00bb0.3&#8243; shape_divider_position=\u00bbbottom\u00bb bg_image_animation=\u00bbnone\u00bb][vc_column column_padding=\u00bbno-extra-padding\u00bb column_padding_position=\u00bball\u00bb background_color_opacity=\u00bb1&#8243; background_hover_color_opacity=\u00bb1&#8243; column_link_target=\u00bb_self\u00bb column_shadow=\u00bbnone\u00bb column_border_radius=\u00bbnone\u00bb width=\u00bb1\/1&#8243; tablet_width_inherit=\u00bbdefault\u00bb tablet_text_alignment=\u00bbdefault\u00bb phone_text_alignment=\u00bbdefault\u00bb column_border_width=\u00bbnone\u00bb column_border_style=\u00bbsolid\u00bb bg_image_animation=\u00bbnone\u00bb][vc_column_text]\n<p style=\"text-align: left;\">A pesar de que su apariencia es bastante parecida y ambos son pertenecientes a la familia de los t\u00fanidos, el at\u00fan y el bonito no son lo mismo ya que, para empezar, provienen de especies animales distintas. Adem\u00e1s, se diferencian siempre en la siguiente serie de par\u00e1metros:<\/p>\n[\/vc_column_text][\/vc_column][\/vc_row][vc_row type=\u00bbin_container\u00bb full_screen_row_position=\u00bbmiddle\u00bb scene_position=\u00bbcenter\u00bb text_color=\u00bbdark\u00bb text_align=\u00bbleft\u00bb overlay_strength=\u00bb0.3&#8243; shape_divider_position=\u00bbbottom\u00bb bg_image_animation=\u00bbnone\u00bb][vc_column column_padding=\u00bbno-extra-padding\u00bb column_padding_position=\u00bball\u00bb background_color_opacity=\u00bb1&#8243; background_hover_color_opacity=\u00bb1&#8243; column_link_target=\u00bb_self\u00bb column_shadow=\u00bbnone\u00bb column_border_radius=\u00bbnone\u00bb width=\u00bb1\/2&#8243; tablet_width_inherit=\u00bbdefault\u00bb tablet_text_alignment=\u00bbdefault\u00bb phone_text_alignment=\u00bbdefault\u00bb column_border_width=\u00bbnone\u00bb column_border_style=\u00bbsolid\u00bb bg_image_animation=\u00bbnone\u00bb][image_with_animation image_url=\u00bb1286&#8243; alignment=\u00bb\u00bb animation=\u00bbFade In\u00bb border_radius=\u00bbnone\u00bb box_shadow=\u00bbnone\u00bb max_width=\u00bb100%\u00bb][\/vc_column][vc_column column_padding=\u00bbno-extra-padding\u00bb column_padding_position=\u00bball\u00bb background_color_opacity=\u00bb1&#8243; background_hover_color_opacity=\u00bb1&#8243; column_link_target=\u00bb_self\u00bb column_shadow=\u00bbnone\u00bb column_border_radius=\u00bbnone\u00bb width=\u00bb1\/2&#8243; tablet_width_inherit=\u00bbdefault\u00bb tablet_text_alignment=\u00bbdefault\u00bb phone_text_alignment=\u00bbdefault\u00bb column_border_width=\u00bbnone\u00bb column_border_style=\u00bbsolid\u00bb bg_image_animation=\u00bbnone\u00bb][image_with_animation image_url=\u00bb1285&#8243; alignment=\u00bb\u00bb animation=\u00bbFade In\u00bb border_radius=\u00bbnone\u00bb box_shadow=\u00bbnone\u00bb max_width=\u00bb100%\u00bb][\/vc_column][\/vc_row][vc_row type=\u00bbin_container\u00bb full_screen_row_position=\u00bbmiddle\u00bb scene_position=\u00bbcenter\u00bb text_color=\u00bbdark\u00bb text_align=\u00bbleft\u00bb overlay_strength=\u00bb0.3&#8243; shape_divider_position=\u00bbbottom\u00bb bg_image_animation=\u00bbnone\u00bb][vc_column column_padding=\u00bbno-extra-padding\u00bb column_padding_position=\u00bball\u00bb background_color_opacity=\u00bb1&#8243; background_hover_color_opacity=\u00bb1&#8243; column_link_target=\u00bb_self\u00bb column_shadow=\u00bbnone\u00bb column_border_radius=\u00bbnone\u00bb width=\u00bb1\/3&#8243; tablet_width_inherit=\u00bbdefault\u00bb tablet_text_alignment=\u00bbdefault\u00bb phone_text_alignment=\u00bbdefault\u00bb column_border_width=\u00bbnone\u00bb column_border_style=\u00bbsolid\u00bb bg_image_animation=\u00bbnone\u00bb][vc_column_text]\n<h3><b>Diferencias<\/b><\/h3>\n[\/vc_column_text]<div class=\"nectar-fancy-ul\" data-list-icon=\"icon-salient-thin-line\" data-animation=\"false\" data-animation-delay=\"0\" data-color=\"accent-color\" data-spacing=\"default\" data-alignment=\"left\"> \n<ul>\n<li>El at\u00fan es m\u00e1s grande y pesa m\u00e1s que el bonito<\/li>\n<li>El bonito suele tener una carne m\u00e1s sabrosa<\/li>\n<li>La carne del at\u00fan es m\u00e1s oscura y \u00e1spera<\/li>\n<li>El at\u00fan es m\u00e1s capturado que el bonito<\/li>\n<\/ul>\n <\/div>[\/vc_column][vc_column column_padding=\u00bbno-extra-padding\u00bb column_padding_position=\u00bball\u00bb background_color_opacity=\u00bb1&#8243; background_hover_color_opacity=\u00bb1&#8243; column_link_target=\u00bb_self\u00bb column_shadow=\u00bbnone\u00bb column_border_radius=\u00bbnone\u00bb width=\u00bb1\/3&#8243; tablet_width_inherit=\u00bbdefault\u00bb tablet_text_alignment=\u00bbdefault\u00bb phone_text_alignment=\u00bbdefault\u00bb column_border_width=\u00bbnone\u00bb column_border_style=\u00bbsolid\u00bb bg_image_animation=\u00bbnone\u00bb][divider line_type=\u00bbNo Line\u00bb custom_height=\u00bb35&#8243;][image_with_animation image_url=\u00bb1265&#8243; alignment=\u00bbcenter\u00bb animation=\u00bbFade In\u00bb border_radius=\u00bbnone\u00bb box_shadow=\u00bbnone\u00bb max_width=\u00bb100%\u00bb][\/vc_column][vc_column column_padding=\u00bbno-extra-padding\u00bb column_padding_position=\u00bball\u00bb background_color_opacity=\u00bb1&#8243; background_hover_color_opacity=\u00bb1&#8243; column_link_target=\u00bb_self\u00bb column_shadow=\u00bbnone\u00bb column_border_radius=\u00bbnone\u00bb width=\u00bb1\/3&#8243; tablet_width_inherit=\u00bbdefault\u00bb tablet_text_alignment=\u00bbdefault\u00bb phone_text_alignment=\u00bbdefault\u00bb column_border_width=\u00bbnone\u00bb column_border_style=\u00bbsolid\u00bb bg_image_animation=\u00bbnone\u00bb][vc_column_text]\n<h3><b>Similitudes<\/b><\/h3>\n[\/vc_column_text]<div class=\"nectar-fancy-ul\" data-list-icon=\"icon-salient-thin-line\" data-animation=\"false\" data-animation-delay=\"0\" data-color=\"accent-color\" data-spacing=\"default\" data-alignment=\"left\"> \n<ul>\n<li>Ambos entran dentro del grupo del pescado azul, siendo muy cotizados por sus propiedades nutricionales (gran contenido en Omega 3, indispensable para el buen funcionamiento cerebral), as\u00ed como por sus caracter\u00edsticos sabores y versatilidad a la hora de cocinarlos.<\/li>\n<\/ul>\n <\/div>[\/vc_column][\/vc_row][vc_row type=\u00bbin_container\u00bb full_screen_row_position=\u00bbmiddle\u00bb scene_position=\u00bbcenter\u00bb text_color=\u00bbdark\u00bb text_align=\u00bbleft\u00bb overlay_strength=\u00bb0.3&#8243; shape_divider_position=\u00bbbottom\u00bb bg_image_animation=\u00bbnone\u00bb][vc_column column_padding=\u00bbno-extra-padding\u00bb column_padding_position=\u00bball\u00bb background_color_opacity=\u00bb1&#8243; background_hover_color_opacity=\u00bb1&#8243; column_link_target=\u00bb_self\u00bb column_shadow=\u00bbnone\u00bb column_border_radius=\u00bbnone\u00bb width=\u00bb1\/1&#8243; tablet_width_inherit=\u00bbdefault\u00bb tablet_text_alignment=\u00bbdefault\u00bb phone_text_alignment=\u00bbdefault\u00bb column_border_width=\u00bbnone\u00bb column_border_style=\u00bbsolid\u00bb bg_image_animation=\u00bbnone\u00bb][vc_column_text]\n<h3><b>Proveniencia<\/b><\/h3>\n[\/vc_column_text][vc_column_text]Lo que conocemos como bonito del norte proviene de un pez al que se le define como albacora o at\u00fan blanco y verdaderamente es m\u00e1s escaso (por lo que a su vez muy preciado) que el at\u00fan cuya oferta es bastante amplia y su precio, a menudo, m\u00e1s asequible que el del bonito.[\/vc_column_text][vc_column_text]Sin embargo, el at\u00fan rojo, muy habitual en la cocina oriental, es un ejemplar grande y pesado pudiendo sobrepasar los 600 kilos y que, por desgracia, est\u00e1 en peligro de extinci\u00f3n debido a la pesca abusiva.[\/vc_column_text][\/vc_column][\/vc_row][vc_row type=\u00bbin_container\u00bb full_screen_row_position=\u00bbmiddle\u00bb scene_position=\u00bbcenter\u00bb text_color=\u00bbdark\u00bb text_align=\u00bbleft\u00bb overlay_strength=\u00bb0.3&#8243; shape_divider_position=\u00bbbottom\u00bb bg_image_animation=\u00bbnone\u00bb][vc_column column_padding=\u00bbno-extra-padding\u00bb column_padding_position=\u00bball\u00bb background_color_opacity=\u00bb1&#8243; background_hover_color_opacity=\u00bb1&#8243; column_link_target=\u00bb_self\u00bb column_shadow=\u00bbnone\u00bb column_border_radius=\u00bbnone\u00bb width=\u00bb1\/1&#8243; tablet_width_inherit=\u00bbdefault\u00bb tablet_text_alignment=\u00bbdefault\u00bb phone_text_alignment=\u00bbdefault\u00bb column_border_width=\u00bbnone\u00bb column_border_style=\u00bbsolid\u00bb bg_image_animation=\u00bbnone\u00bb][nectar_animated_title heading_tag=\u00bbh6&#8243; style=\u00bbcolor-strip-reveal\u00bb color=\u00bbAccent-Color\u00bb text=\u00bbRECETA CON AT\u00daN DOMIKO\u00bb][divider line_type=\u00bbSmall Line\u00bb line_alignment=\u00bbdefault\u00bb line_thickness=\u00bb1&#8243; divider_color=\u00bbdefault\u00bb custom_height=\u00bb40&#8243;][vc_column_text]\n<h2>Receta de lomo de at\u00fan con salsa de piquillos y cebolla caramelizada<\/h2>\n[\/vc_column_text][\/vc_column][\/vc_row][vc_row type=\u00bbin_container\u00bb full_screen_row_position=\u00bbmiddle\u00bb scene_position=\u00bbcenter\u00bb text_color=\u00bbdark\u00bb text_align=\u00bbleft\u00bb overlay_strength=\u00bb0.3&#8243; shape_divider_position=\u00bbbottom\u00bb bg_image_animation=\u00bbnone\u00bb][vc_column column_padding=\u00bbno-extra-padding\u00bb column_padding_position=\u00bball\u00bb background_color_opacity=\u00bb1&#8243; background_hover_color_opacity=\u00bb1&#8243; column_link_target=\u00bb_self\u00bb column_shadow=\u00bbnone\u00bb column_border_radius=\u00bbnone\u00bb width=\u00bb1\/1&#8243; tablet_width_inherit=\u00bbdefault\u00bb tablet_text_alignment=\u00bbdefault\u00bb phone_text_alignment=\u00bbdefault\u00bb column_border_width=\u00bbnone\u00bb column_border_style=\u00bbsolid\u00bb bg_image_animation=\u00bbnone\u00bb][vc_column_text]Finalmente, centr\u00e1ndonos en el at\u00fan y el bonito del Norte dentro de la gastronom\u00eda, \u00bfc\u00f3mo podemos disfrutarlo en la mesa?[\/vc_column_text][vc_column_text]Pues adem\u00e1s de comer con nuestras personas m\u00e1s queridas, proponemos para un d\u00eda especial: una buena ensalada de distintos tipos de lechuga, pimientos rojos asados y una lata de bonito del Norte y un delicioso lomo de at\u00fan con salsa de piquillos y cebolla caramelizada. \u00a1Te pasamos la receta![\/vc_column_text][\/vc_column][\/vc_row][vc_row type=\u00bbin_container\u00bb full_screen_row_position=\u00bbmiddle\u00bb scene_position=\u00bbcenter\u00bb text_color=\u00bbdark\u00bb text_align=\u00bbleft\u00bb overlay_strength=\u00bb0.3&#8243; shape_divider_position=\u00bbbottom\u00bb bg_image_animation=\u00bbnone\u00bb][vc_column column_padding=\u00bbno-extra-padding\u00bb column_padding_position=\u00bball\u00bb background_color_opacity=\u00bb1&#8243; background_hover_color_opacity=\u00bb1&#8243; column_link_target=\u00bb_self\u00bb column_shadow=\u00bbnone\u00bb column_border_radius=\u00bbnone\u00bb width=\u00bb1\/2&#8243; tablet_width_inherit=\u00bbdefault\u00bb tablet_text_alignment=\u00bbdefault\u00bb phone_text_alignment=\u00bbdefault\u00bb column_border_width=\u00bbnone\u00bb column_border_style=\u00bbsolid\u00bb bg_image_animation=\u00bbnone\u00bb][vc_column_text]\n<h3>Ingredientes<\/h3>\n[\/vc_column_text][image_with_animation image_url=\u00bb1238&#8243; alignment=\u00bb\u00bb animation=\u00bbFade In\u00bb border_radius=\u00bbnone\u00bb box_shadow=\u00bbnone\u00bb max_width=\u00bb100%\u00bb][\/vc_column][vc_column column_padding=\u00bbno-extra-padding\u00bb column_padding_position=\u00bball\u00bb background_color_opacity=\u00bb1&#8243; background_hover_color_opacity=\u00bb1&#8243; column_link_target=\u00bb_self\u00bb column_shadow=\u00bbnone\u00bb column_border_radius=\u00bbnone\u00bb width=\u00bb1\/2&#8243; tablet_width_inherit=\u00bbdefault\u00bb tablet_text_alignment=\u00bbdefault\u00bb phone_text_alignment=\u00bbdefault\u00bb column_border_width=\u00bbnone\u00bb column_border_style=\u00bbsolid\u00bb bg_image_animation=\u00bbnone\u00bb][divider line_type=\u00bbNo Line\u00bb custom_height=\u00bb70&#8243;]<div class=\"nectar-fancy-ul\" data-list-icon=\"icon-salient-thin-line\" data-animation=\"false\" data-animation-delay=\"0\" data-color=\"accent-color\" data-spacing=\"default\" data-alignment=\"left\"> \n<ul>\n<li>800 gramos de lomo de at\u00fan<\/li>\n<li>1 lata de pimientos del piquillo<\/li>\n<li>2 cebollas medianas<\/li>\n<li>100 ml. de nata l\u00edquida<\/li>\n<li>2 cucharadas de az\u00facar<\/li>\n<li>Un chorrito de vinagre<\/li>\n<li>Aceite de oliva (en Domiko tienes uno maravilloso)<\/li>\n<li>Pimienta negra y sal<\/li>\n<\/ul>\n <\/div>[\/vc_column][\/vc_row][vc_row type=\u00bbin_container\u00bb full_screen_row_position=\u00bbmiddle\u00bb scene_position=\u00bbcenter\u00bb text_color=\u00bbdark\u00bb text_align=\u00bbleft\u00bb overlay_strength=\u00bb0.3&#8243; shape_divider_position=\u00bbbottom\u00bb bg_image_animation=\u00bbnone\u00bb][vc_column column_padding=\u00bbno-extra-padding\u00bb column_padding_position=\u00bball\u00bb background_color_opacity=\u00bb1&#8243; background_hover_color_opacity=\u00bb1&#8243; column_link_target=\u00bb_self\u00bb column_shadow=\u00bbnone\u00bb column_border_radius=\u00bbnone\u00bb width=\u00bb1\/2&#8243; tablet_width_inherit=\u00bbdefault\u00bb tablet_text_alignment=\u00bbdefault\u00bb phone_text_alignment=\u00bbdefault\u00bb column_border_width=\u00bbnone\u00bb column_border_style=\u00bbsolid\u00bb bg_image_animation=\u00bbnone\u00bb][vc_column_text]\n<h3>Elaboraci\u00f3n<\/h3>\n[\/vc_column_text][image_with_animation image_url=\u00bb1276&#8243; alignment=\u00bb\u00bb animation=\u00bbFade In\u00bb border_radius=\u00bbnone\u00bb box_shadow=\u00bbnone\u00bb max_width=\u00bb100%\u00bb][\/vc_column][vc_column column_padding=\u00bbno-extra-padding\u00bb column_padding_position=\u00bball\u00bb background_color_opacity=\u00bb1&#8243; background_hover_color_opacity=\u00bb1&#8243; column_link_target=\u00bb_self\u00bb column_shadow=\u00bbnone\u00bb column_border_radius=\u00bbnone\u00bb width=\u00bb1\/2&#8243; tablet_width_inherit=\u00bbdefault\u00bb tablet_text_alignment=\u00bbdefault\u00bb phone_text_alignment=\u00bbdefault\u00bb column_border_width=\u00bbnone\u00bb column_border_style=\u00bbsolid\u00bb bg_image_animation=\u00bbnone\u00bb][divider line_type=\u00bbNo Line\u00bb custom_height=\u00bb70&#8243;][vc_column_text]\n<h4>Para la salsa<\/h4>\n[\/vc_column_text]<div class=\"nectar-fancy-ul\" data-list-icon=\"icon-salient-thin-line\" data-animation=\"false\" data-animation-delay=\"0\" data-color=\"accent-color\" data-spacing=\"default\" data-alignment=\"left\"> \n<ul>\n<li>Corta la otra cebolla<\/li>\n<li>Vierte la cebolla en una sart\u00e9n con una cucharada de aceite de oliva<\/li>\n<li>Deja la cebolla hasta que quede tierna y transparente<\/li>\n<li>A\u00f1ade las 2 cucharadas de az\u00facar y el chorrito de vinagre.<\/li>\n<li>Una vez quede la cebolla bien caramelizada, salpimenta el at\u00fan y coc\u00ednalo por ambas caras. \u00a1Intenta que no quede seco, su interior debe permanecer rosado!<\/li>\n<li>Por \u00faltimo, extiende la salsa en un plato, pon encima el at\u00fan y la cebolla caramelizada por encima.<\/li>\n<\/ul>\n <\/div>[\/vc_column][\/vc_row][vc_row type=\u00bbin_container\u00bb full_screen_row_position=\u00bbmiddle\u00bb scene_position=\u00bbcenter\u00bb text_color=\u00bbdark\u00bb text_align=\u00bbleft\u00bb overlay_strength=\u00bb0.3&#8243; shape_divider_position=\u00bbbottom\u00bb bg_image_animation=\u00bbnone\u00bb][vc_column column_padding=\u00bbno-extra-padding\u00bb column_padding_position=\u00bball\u00bb background_color_opacity=\u00bb1&#8243; background_hover_color_opacity=\u00bb1&#8243; column_link_target=\u00bb_self\u00bb column_shadow=\u00bbnone\u00bb column_border_radius=\u00bbnone\u00bb width=\u00bb1\/2&#8243; tablet_width_inherit=\u00bbdefault\u00bb tablet_text_alignment=\u00bbdefault\u00bb phone_text_alignment=\u00bbdefault\u00bb column_border_width=\u00bbnone\u00bb column_border_style=\u00bbsolid\u00bb bg_image_animation=\u00bbnone\u00bb][image_with_animation image_url=\u00bb1278&#8243; alignment=\u00bb\u00bb animation=\u00bbFade In\u00bb border_radius=\u00bbnone\u00bb box_shadow=\u00bbnone\u00bb max_width=\u00bb100%\u00bb][\/vc_column][vc_column column_padding=\u00bbno-extra-padding\u00bb column_padding_position=\u00bball\u00bb background_color_opacity=\u00bb1&#8243; background_hover_color_opacity=\u00bb1&#8243; column_link_target=\u00bb_self\u00bb column_shadow=\u00bbnone\u00bb column_border_radius=\u00bbnone\u00bb width=\u00bb1\/2&#8243; tablet_width_inherit=\u00bbdefault\u00bb tablet_text_alignment=\u00bbdefault\u00bb phone_text_alignment=\u00bbdefault\u00bb column_border_width=\u00bbnone\u00bb column_border_style=\u00bbsolid\u00bb bg_image_animation=\u00bbnone\u00bb][vc_column_text]\n<h4>Para el at\u00fan<\/h4>\n[\/vc_column_text]<div class=\"nectar-fancy-ul\" data-list-icon=\"icon-salient-thin-line\" data-animation=\"false\" data-animation-delay=\"0\" data-color=\"accent-color\" data-spacing=\"default\" data-alignment=\"left\"> \n<ul>\n<li>Corta la otra cebolla<\/li>\n<li>Vierte la cebolla en una sart\u00e9n con una cucharada de aceite de oliva<\/li>\n<li>Deja la cebolla hasta que quede tierna y transparente<\/li>\n<li>A\u00f1ade las 2 cucharadas de az\u00facar y el chorrito de vinagre.<\/li>\n<li>Una vez quede la cebolla bien caramelizada, salpimenta el at\u00fan y coc\u00ednalo por ambas caras. \u00a1Intenta que no quede seco, su interior debe permanecer rosado!<\/li>\n<li>Por \u00faltimo, extiende la salsa en un plato, pon encima el at\u00fan y la cebolla caramelizada por encima.<\/li>\n<\/ul>\n <\/div>[\/vc_column][\/vc_row][vc_row type=\u00bbin_container\u00bb full_screen_row_position=\u00bbmiddle\u00bb scene_position=\u00bbcenter\u00bb text_color=\u00bbdark\u00bb text_align=\u00bbleft\u00bb overlay_strength=\u00bb0.3&#8243; shape_divider_position=\u00bbbottom\u00bb bg_image_animation=\u00bbnone\u00bb][vc_column column_padding=\u00bbno-extra-padding\u00bb column_padding_position=\u00bball\u00bb background_color_opacity=\u00bb1&#8243; background_hover_color_opacity=\u00bb1&#8243; column_link_target=\u00bb_self\u00bb column_shadow=\u00bbnone\u00bb column_border_radius=\u00bbnone\u00bb width=\u00bb1\/1&#8243; tablet_width_inherit=\u00bbdefault\u00bb tablet_text_alignment=\u00bbdefault\u00bb phone_text_alignment=\u00bbdefault\u00bb column_border_width=\u00bbnone\u00bb column_border_style=\u00bbsolid\u00bb bg_image_animation=\u00bbnone\u00bb][divider line_type=\u00bbNo Line\u00bb custom_height=\u00bb20&#8243;][vc_column_text]\n<h4 style=\"text-align: center;\">\u00a1Impresionante y la mar de sano!<\/h4>\n[\/vc_column_text][vc_column_text]\n<p style=\"text-align: center;\"><span style=\"font-weight: 400;\">Esperamos que te guste y nos des tu valoraci\u00f3n. Ahora s\u00ed, te toca decidir a ti, el momento ideal para cocinarlo.\u00a0<\/span><\/p>\n[\/vc_column_text][\/vc_column][\/vc_row]\n","protected":false},"excerpt":{"rendered":"<p>[vc_row type=\u00bbin_container\u00bb full_screen_row_position=\u00bbmiddle\u00bb scene_position=\u00bbcenter\u00bb text_color=\u00bbdark\u00bb text_align=\u00bbleft\u00bb overlay_strength=\u00bb0.3&#8243; shape_divider_position=\u00bbbottom\u00bb bg_image_animation=\u00bbnone\u00bb][vc_column column_padding=\u00bbno-extra-padding\u00bb column_padding_position=\u00bball\u00bb background_color_opacity=\u00bb1&#8243; background_hover_color_opacity=\u00bb1&#8243; column_link_target=\u00bb_self\u00bb column_shadow=\u00bbnone\u00bb column_border_radius=\u00bbnone\u00bb width=\u00bb1\/1&#8243; tablet_width_inherit=\u00bbdefault\u00bb tablet_text_alignment=\u00bbdefault\u00bb phone_text_alignment=\u00bbdefault\u00bb column_border_width=\u00bbnone\u00bb column_border_style=\u00bbsolid\u00bb bg_image_animation=\u00bbnone\u00bb][vc_column_text] Conservas Domiko [\/vc_column_text][\/vc_column][\/vc_row][vc_row type=\u00bbin_container\u00bb full_screen_row_position=\u00bbmiddle\u00bb scene_position=\u00bbcenter\u00bb text_color=\u00bbdark\u00bb&#8230;<\/p>\n","protected":false},"author":3,"featured_media":1293,"comment_status":"closed","ping_status":"closed","sticky":false,"template":"","format":"standard","meta":{"_acf_changed":false,"footnotes":""},"categories":[18],"tags":[356,404,211,406,203,315,209],"class_list":{"0":"post-1236","1":"post","2":"type-post","3":"status-publish","4":"format-standard","5":"has-post-thumbnail","7":"category-consejos","8":"tag-atun","9":"tag-bonito","10":"tag-comida","11":"tag-conservas","12":"tag-domiko","13":"tag-producto-autoctono","14":"tag-zarautz"},"acf":[],"yoast_head":"<!-- This site is optimized with the Yoast SEO plugin v27.2 - https:\/\/yoast.com\/product\/yoast-seo-wordpress\/ -->\n<title>At\u00fan y Bonito Domiko: propiedades y c\u00f3mo disfrutarlo - Domiko<\/title>\n<meta name=\"description\" content=\"Descubre las propiedades \u00fanicas del at\u00fan y bonito de Domiko, conservas de producto local y de la mejor calidad. Adem\u00e1s, \u00a1te contamos una receta deliciosa!\" \/>\n<meta name=\"robots\" content=\"index, follow, max-snippet:-1, max-image-preview:large, max-video-preview:-1\" \/>\n<link rel=\"canonical\" href=\"https:\/\/domiko.com\/es\/atun-y-bonito-domiko-propiedades-y-como-disfrutarlo\/\" \/>\n<meta property=\"og:locale\" content=\"es_ES\" \/>\n<meta property=\"og:type\" content=\"article\" \/>\n<meta property=\"og:title\" content=\"At\u00fan y Bonito Domiko: propiedades y c\u00f3mo disfrutarlo\" \/>\n<meta property=\"og:description\" content=\"Descubre las propiedades \u00fanicas del at\u00fan y bonito de Domiko, conservas de producto local y de la mejor calidad. Adem\u00e1s, \u00a1te contamos una receta deliciosa!\" \/>\n<meta property=\"og:url\" content=\"https:\/\/domiko.com\/es\/atun-y-bonito-domiko-propiedades-y-como-disfrutarlo\/\" \/>\n<meta property=\"og:site_name\" content=\"Domiko\" \/>\n<meta property=\"article:publisher\" content=\"https:\/\/www.facebook.com\/domikozarautz\/\" \/>\n<meta property=\"article:published_time\" content=\"2020-01-22T09:30:08+00:00\" \/>\n<meta property=\"og:image\" content=\"https:\/\/domiko.com\/wp-content\/uploads\/2020\/01\/atun-lata-producto-consumido_2170003040_7347566_1300x731.jpg\" \/>\n\t<meta property=\"og:image:width\" content=\"1300\" \/>\n\t<meta property=\"og:image:height\" content=\"731\" \/>\n\t<meta property=\"og:image:type\" content=\"image\/jpeg\" \/>\n<meta name=\"author\" content=\"Domiko\" \/>\n<meta name=\"twitter:card\" content=\"summary_large_image\" \/>\n<meta name=\"twitter:title\" content=\"At\u00fan y Bonito Domiko: propiedades y c\u00f3mo disfrutarlo\" \/>\n<meta name=\"twitter:description\" content=\"Descubre las propiedades \u00fanicas del at\u00fan y bonito de Domiko, conservas de producto local y de la mejor calidad. Adem\u00e1s, \u00a1te contamos una receta deliciosa!\" \/>\n<meta name=\"twitter:label1\" content=\"Escrito por\" \/>\n\t<meta name=\"twitter:data1\" content=\"Domiko\" \/>\n\t<meta name=\"twitter:label2\" content=\"Tiempo de lectura\" \/>\n\t<meta name=\"twitter:data2\" content=\"15 minutos\" \/>\n<script type=\"application\/ld+json\" class=\"yoast-schema-graph\">{\"@context\":\"https:\/\/schema.org\",\"@graph\":[{\"@type\":\"Article\",\"@id\":\"https:\/\/domiko.com\/es\/atun-y-bonito-domiko-propiedades-y-como-disfrutarlo\/#article\",\"isPartOf\":{\"@id\":\"https:\/\/domiko.com\/es\/atun-y-bonito-domiko-propiedades-y-como-disfrutarlo\/\"},\"author\":{\"name\":\"Domiko\",\"@id\":\"https:\/\/domiko.com\/es\/#\/schema\/person\/ab6c3e731e2ae59e944f845f27a34879\"},\"headline\":\"At\u00fan y Bonito Domiko: propiedades y c\u00f3mo disfrutarlo\",\"datePublished\":\"2020-01-22T09:30:08+00:00\",\"mainEntityOfPage\":{\"@id\":\"https:\/\/domiko.com\/es\/atun-y-bonito-domiko-propiedades-y-como-disfrutarlo\/\"},\"wordCount\":2932,\"publisher\":{\"@id\":\"https:\/\/domiko.com\/es\/#organization\"},\"image\":{\"@id\":\"https:\/\/domiko.com\/es\/atun-y-bonito-domiko-propiedades-y-como-disfrutarlo\/#primaryimage\"},\"thumbnailUrl\":\"https:\/\/domiko.com\/wp-content\/uploads\/2020\/01\/atun-lata-producto-consumido_2170003040_7347566_1300x731.jpg\",\"keywords\":[\"atun\",\"bonito\",\"comida\",\"conservas\",\"domiko\",\"Producto aut\u00f3ctono\",\"zarautz\"],\"articleSection\":[\"Consejos\"],\"inLanguage\":\"es\"},{\"@type\":\"WebPage\",\"@id\":\"https:\/\/domiko.com\/es\/atun-y-bonito-domiko-propiedades-y-como-disfrutarlo\/\",\"url\":\"https:\/\/domiko.com\/es\/atun-y-bonito-domiko-propiedades-y-como-disfrutarlo\/\",\"name\":\"At\u00fan y Bonito Domiko: propiedades y c\u00f3mo disfrutarlo - Domiko\",\"isPartOf\":{\"@id\":\"https:\/\/domiko.com\/es\/#website\"},\"primaryImageOfPage\":{\"@id\":\"https:\/\/domiko.com\/es\/atun-y-bonito-domiko-propiedades-y-como-disfrutarlo\/#primaryimage\"},\"image\":{\"@id\":\"https:\/\/domiko.com\/es\/atun-y-bonito-domiko-propiedades-y-como-disfrutarlo\/#primaryimage\"},\"thumbnailUrl\":\"https:\/\/domiko.com\/wp-content\/uploads\/2020\/01\/atun-lata-producto-consumido_2170003040_7347566_1300x731.jpg\",\"datePublished\":\"2020-01-22T09:30:08+00:00\",\"description\":\"Descubre las propiedades \u00fanicas del at\u00fan y bonito de Domiko, conservas de producto local y de la mejor calidad. Adem\u00e1s, \u00a1te contamos una receta deliciosa!\",\"breadcrumb\":{\"@id\":\"https:\/\/domiko.com\/es\/atun-y-bonito-domiko-propiedades-y-como-disfrutarlo\/#breadcrumb\"},\"inLanguage\":\"es\",\"potentialAction\":[{\"@type\":\"ReadAction\",\"target\":[\"https:\/\/domiko.com\/es\/atun-y-bonito-domiko-propiedades-y-como-disfrutarlo\/\"]}]},{\"@type\":\"ImageObject\",\"inLanguage\":\"es\",\"@id\":\"https:\/\/domiko.com\/es\/atun-y-bonito-domiko-propiedades-y-como-disfrutarlo\/#primaryimage\",\"url\":\"https:\/\/domiko.com\/wp-content\/uploads\/2020\/01\/atun-lata-producto-consumido_2170003040_7347566_1300x731.jpg\",\"contentUrl\":\"https:\/\/domiko.com\/wp-content\/uploads\/2020\/01\/atun-lata-producto-consumido_2170003040_7347566_1300x731.jpg\",\"width\":1300,\"height\":731,\"caption\":\"atun fondo\"},{\"@type\":\"BreadcrumbList\",\"@id\":\"https:\/\/domiko.com\/es\/atun-y-bonito-domiko-propiedades-y-como-disfrutarlo\/#breadcrumb\",\"itemListElement\":[{\"@type\":\"ListItem\",\"position\":1,\"name\":\"Home\",\"item\":\"https:\/\/domiko.com\/es\/\"},{\"@type\":\"ListItem\",\"position\":2,\"name\":\"At\u00fan y Bonito Domiko: propiedades y c\u00f3mo disfrutarlo\"}]},{\"@type\":\"WebSite\",\"@id\":\"https:\/\/domiko.com\/es\/#website\",\"url\":\"https:\/\/domiko.com\/es\/\",\"name\":\"Domiko\",\"description\":\"\",\"publisher\":{\"@id\":\"https:\/\/domiko.com\/es\/#organization\"},\"potentialAction\":[{\"@type\":\"SearchAction\",\"target\":{\"@type\":\"EntryPoint\",\"urlTemplate\":\"https:\/\/domiko.com\/es\/?s={search_term_string}\"},\"query-input\":{\"@type\":\"PropertyValueSpecification\",\"valueRequired\":true,\"valueName\":\"search_term_string\"}}],\"inLanguage\":\"es\"},{\"@type\":\"Organization\",\"@id\":\"https:\/\/domiko.com\/es\/#organization\",\"name\":\"Domiko\",\"url\":\"https:\/\/domiko.com\/es\/\",\"logo\":{\"@type\":\"ImageObject\",\"inLanguage\":\"es\",\"@id\":\"https:\/\/domiko.com\/es\/#\/schema\/logo\/image\/\",\"url\":\"https:\/\/domiko.com\/wp-content\/uploads\/2019\/01\/DOMIKO_LogoPrincipal_vert-1.png\",\"contentUrl\":\"https:\/\/domiko.com\/wp-content\/uploads\/2019\/01\/DOMIKO_LogoPrincipal_vert-1.png\",\"width\":800,\"height\":1045,\"caption\":\"Domiko\"},\"image\":{\"@id\":\"https:\/\/domiko.com\/es\/#\/schema\/logo\/image\/\"},\"sameAs\":[\"https:\/\/www.facebook.com\/domikozarautz\/\",\"https:\/\/instagram.com\/domikozarautz\/\"]},{\"@type\":\"Person\",\"@id\":\"https:\/\/domiko.com\/es\/#\/schema\/person\/ab6c3e731e2ae59e944f845f27a34879\",\"name\":\"Domiko\",\"image\":{\"@type\":\"ImageObject\",\"inLanguage\":\"es\",\"@id\":\"https:\/\/secure.gravatar.com\/avatar\/8d3c6dc5bde32295dc0c7099d9b38f71e5de1a2d5e03163731b4c4cc5d634dea?s=96&d=mm&r=g\",\"url\":\"https:\/\/secure.gravatar.com\/avatar\/8d3c6dc5bde32295dc0c7099d9b38f71e5de1a2d5e03163731b4c4cc5d634dea?s=96&d=mm&r=g\",\"contentUrl\":\"https:\/\/secure.gravatar.com\/avatar\/8d3c6dc5bde32295dc0c7099d9b38f71e5de1a2d5e03163731b4c4cc5d634dea?s=96&d=mm&r=g\",\"caption\":\"Domiko\"}}]}<\/script>\n<!-- \/ Yoast SEO plugin. -->","yoast_head_json":{"title":"At\u00fan y Bonito Domiko: propiedades y c\u00f3mo disfrutarlo - Domiko","description":"Descubre las propiedades \u00fanicas del at\u00fan y bonito de Domiko, conservas de producto local y de la mejor calidad. Adem\u00e1s, \u00a1te contamos una receta deliciosa!","robots":{"index":"index","follow":"follow","max-snippet":"max-snippet:-1","max-image-preview":"max-image-preview:large","max-video-preview":"max-video-preview:-1"},"canonical":"https:\/\/domiko.com\/es\/atun-y-bonito-domiko-propiedades-y-como-disfrutarlo\/","og_locale":"es_ES","og_type":"article","og_title":"At\u00fan y Bonito Domiko: propiedades y c\u00f3mo disfrutarlo","og_description":"Descubre las propiedades \u00fanicas del at\u00fan y bonito de Domiko, conservas de producto local y de la mejor calidad. Adem\u00e1s, \u00a1te contamos una receta deliciosa!","og_url":"https:\/\/domiko.com\/es\/atun-y-bonito-domiko-propiedades-y-como-disfrutarlo\/","og_site_name":"Domiko","article_publisher":"https:\/\/www.facebook.com\/domikozarautz\/","article_published_time":"2020-01-22T09:30:08+00:00","og_image":[{"width":1300,"height":731,"url":"https:\/\/domiko.com\/wp-content\/uploads\/2020\/01\/atun-lata-producto-consumido_2170003040_7347566_1300x731.jpg","type":"image\/jpeg"}],"author":"Domiko","twitter_card":"summary_large_image","twitter_title":"At\u00fan y Bonito Domiko: propiedades y c\u00f3mo disfrutarlo","twitter_description":"Descubre las propiedades \u00fanicas del at\u00fan y bonito de Domiko, conservas de producto local y de la mejor calidad. Adem\u00e1s, \u00a1te contamos una receta deliciosa!","twitter_misc":{"Escrito por":"Domiko","Tiempo de lectura":"15 minutos"},"schema":{"@context":"https:\/\/schema.org","@graph":[{"@type":"Article","@id":"https:\/\/domiko.com\/es\/atun-y-bonito-domiko-propiedades-y-como-disfrutarlo\/#article","isPartOf":{"@id":"https:\/\/domiko.com\/es\/atun-y-bonito-domiko-propiedades-y-como-disfrutarlo\/"},"author":{"name":"Domiko","@id":"https:\/\/domiko.com\/es\/#\/schema\/person\/ab6c3e731e2ae59e944f845f27a34879"},"headline":"At\u00fan y Bonito Domiko: propiedades y c\u00f3mo disfrutarlo","datePublished":"2020-01-22T09:30:08+00:00","mainEntityOfPage":{"@id":"https:\/\/domiko.com\/es\/atun-y-bonito-domiko-propiedades-y-como-disfrutarlo\/"},"wordCount":2932,"publisher":{"@id":"https:\/\/domiko.com\/es\/#organization"},"image":{"@id":"https:\/\/domiko.com\/es\/atun-y-bonito-domiko-propiedades-y-como-disfrutarlo\/#primaryimage"},"thumbnailUrl":"https:\/\/domiko.com\/wp-content\/uploads\/2020\/01\/atun-lata-producto-consumido_2170003040_7347566_1300x731.jpg","keywords":["atun","bonito","comida","conservas","domiko","Producto aut\u00f3ctono","zarautz"],"articleSection":["Consejos"],"inLanguage":"es"},{"@type":"WebPage","@id":"https:\/\/domiko.com\/es\/atun-y-bonito-domiko-propiedades-y-como-disfrutarlo\/","url":"https:\/\/domiko.com\/es\/atun-y-bonito-domiko-propiedades-y-como-disfrutarlo\/","name":"At\u00fan y Bonito Domiko: propiedades y c\u00f3mo disfrutarlo - Domiko","isPartOf":{"@id":"https:\/\/domiko.com\/es\/#website"},"primaryImageOfPage":{"@id":"https:\/\/domiko.com\/es\/atun-y-bonito-domiko-propiedades-y-como-disfrutarlo\/#primaryimage"},"image":{"@id":"https:\/\/domiko.com\/es\/atun-y-bonito-domiko-propiedades-y-como-disfrutarlo\/#primaryimage"},"thumbnailUrl":"https:\/\/domiko.com\/wp-content\/uploads\/2020\/01\/atun-lata-producto-consumido_2170003040_7347566_1300x731.jpg","datePublished":"2020-01-22T09:30:08+00:00","description":"Descubre las propiedades \u00fanicas del at\u00fan y bonito de Domiko, conservas de producto local y de la mejor calidad. Adem\u00e1s, \u00a1te contamos una receta deliciosa!","breadcrumb":{"@id":"https:\/\/domiko.com\/es\/atun-y-bonito-domiko-propiedades-y-como-disfrutarlo\/#breadcrumb"},"inLanguage":"es","potentialAction":[{"@type":"ReadAction","target":["https:\/\/domiko.com\/es\/atun-y-bonito-domiko-propiedades-y-como-disfrutarlo\/"]}]},{"@type":"ImageObject","inLanguage":"es","@id":"https:\/\/domiko.com\/es\/atun-y-bonito-domiko-propiedades-y-como-disfrutarlo\/#primaryimage","url":"https:\/\/domiko.com\/wp-content\/uploads\/2020\/01\/atun-lata-producto-consumido_2170003040_7347566_1300x731.jpg","contentUrl":"https:\/\/domiko.com\/wp-content\/uploads\/2020\/01\/atun-lata-producto-consumido_2170003040_7347566_1300x731.jpg","width":1300,"height":731,"caption":"atun fondo"},{"@type":"BreadcrumbList","@id":"https:\/\/domiko.com\/es\/atun-y-bonito-domiko-propiedades-y-como-disfrutarlo\/#breadcrumb","itemListElement":[{"@type":"ListItem","position":1,"name":"Home","item":"https:\/\/domiko.com\/es\/"},{"@type":"ListItem","position":2,"name":"At\u00fan y Bonito Domiko: propiedades y c\u00f3mo disfrutarlo"}]},{"@type":"WebSite","@id":"https:\/\/domiko.com\/es\/#website","url":"https:\/\/domiko.com\/es\/","name":"Domiko","description":"","publisher":{"@id":"https:\/\/domiko.com\/es\/#organization"},"potentialAction":[{"@type":"SearchAction","target":{"@type":"EntryPoint","urlTemplate":"https:\/\/domiko.com\/es\/?s={search_term_string}"},"query-input":{"@type":"PropertyValueSpecification","valueRequired":true,"valueName":"search_term_string"}}],"inLanguage":"es"},{"@type":"Organization","@id":"https:\/\/domiko.com\/es\/#organization","name":"Domiko","url":"https:\/\/domiko.com\/es\/","logo":{"@type":"ImageObject","inLanguage":"es","@id":"https:\/\/domiko.com\/es\/#\/schema\/logo\/image\/","url":"https:\/\/domiko.com\/wp-content\/uploads\/2019\/01\/DOMIKO_LogoPrincipal_vert-1.png","contentUrl":"https:\/\/domiko.com\/wp-content\/uploads\/2019\/01\/DOMIKO_LogoPrincipal_vert-1.png","width":800,"height":1045,"caption":"Domiko"},"image":{"@id":"https:\/\/domiko.com\/es\/#\/schema\/logo\/image\/"},"sameAs":["https:\/\/www.facebook.com\/domikozarautz\/","https:\/\/instagram.com\/domikozarautz\/"]},{"@type":"Person","@id":"https:\/\/domiko.com\/es\/#\/schema\/person\/ab6c3e731e2ae59e944f845f27a34879","name":"Domiko","image":{"@type":"ImageObject","inLanguage":"es","@id":"https:\/\/secure.gravatar.com\/avatar\/8d3c6dc5bde32295dc0c7099d9b38f71e5de1a2d5e03163731b4c4cc5d634dea?s=96&d=mm&r=g","url":"https:\/\/secure.gravatar.com\/avatar\/8d3c6dc5bde32295dc0c7099d9b38f71e5de1a2d5e03163731b4c4cc5d634dea?s=96&d=mm&r=g","contentUrl":"https:\/\/secure.gravatar.com\/avatar\/8d3c6dc5bde32295dc0c7099d9b38f71e5de1a2d5e03163731b4c4cc5d634dea?s=96&d=mm&r=g","caption":"Domiko"}}]}},"_links":{"self":[{"href":"https:\/\/domiko.com\/es\/wp-json\/wp\/v2\/posts\/1236","targetHints":{"allow":["GET"]}}],"collection":[{"href":"https:\/\/domiko.com\/es\/wp-json\/wp\/v2\/posts"}],"about":[{"href":"https:\/\/domiko.com\/es\/wp-json\/wp\/v2\/types\/post"}],"author":[{"embeddable":true,"href":"https:\/\/domiko.com\/es\/wp-json\/wp\/v2\/users\/3"}],"replies":[{"embeddable":true,"href":"https:\/\/domiko.com\/es\/wp-json\/wp\/v2\/comments?post=1236"}],"version-history":[{"count":26,"href":"https:\/\/domiko.com\/es\/wp-json\/wp\/v2\/posts\/1236\/revisions"}],"predecessor-version":[{"id":1294,"href":"https:\/\/domiko.com\/es\/wp-json\/wp\/v2\/posts\/1236\/revisions\/1294"}],"wp:featuredmedia":[{"embeddable":true,"href":"https:\/\/domiko.com\/es\/wp-json\/wp\/v2\/media\/1293"}],"wp:attachment":[{"href":"https:\/\/domiko.com\/es\/wp-json\/wp\/v2\/media?parent=1236"}],"wp:term":[{"taxonomy":"category","embeddable":true,"href":"https:\/\/domiko.com\/es\/wp-json\/wp\/v2\/categories?post=1236"},{"taxonomy":"post_tag","embeddable":true,"href":"https:\/\/domiko.com\/es\/wp-json\/wp\/v2\/tags?post=1236"}],"curies":[{"name":"wp","href":"https:\/\/api.w.org\/{rel}","templated":true}]}}